{"id":6631,"date":"2014-08-06T19:17:30","date_gmt":"2014-08-06T16:17:30","guid":{"rendered":"http:\/\/www.sana.sy\/tr\/?p=6631"},"modified":"2014-08-07T14:19:42","modified_gmt":"2014-08-07T11:19:42","slug":"terorle-mucadelede-yabanci-uyruklu-teroristler-olduruldu","status":"publish","type":"post","link":"https:\/\/archive.sana.sy\/tr\/?p=6631","title":{"rendered":"Ter\u00f6rle M\u00fccadelede Yabanc\u0131 Uyruklu Ter\u00f6ristler \u00d6ld\u00fcr\u00fcld\u00fc"},"content":{"rendered":"<p>\u0130LLER \u2013 Ordu ve Silahl\u0131 Kuvvetlerimize ba\u011fl\u0131 ordu birliklerinin ter\u00f6rle m\u00fccadele kapsam\u0131nda \u00e7ok say\u0131da ter\u00f6risti \u00f6ld\u00fcrd\u00fc ter\u00f6ristlere ait \u00e7ok say\u0131da ara\u00e7lar\u0131n\u0131 yan\u0131 s\u0131ra silah askeri m\u00fchimmatlar\u0131n\u0131 imha etti.<\/p>\n<p><span style=\"color: #0000ff\">\u015eam K\u0131rsal\u0131 ve Kunaytra\u2019da Ter\u00f6ristlerin S\u0131zma Giri\u015fimleri \u00c7\u00f6kertildi<\/span><\/p>\n<p>\u015eam K\u0131rsal\u0131 ve Kunaytra\u2019n\u0131n bir ka\u00e7 Belde ve K\u00f6y\u00fcnde ordu birliklerimiz ter\u00f6ristlerin h\u00fccre ve toplanma yerlerini hedef almas\u0131 sonucunda \u00e7ok say\u0131da ter\u00f6risti \u00f6ld\u00fcrd\u00fc.<\/p>\n<p>Askeri kaynak SANA muhabirine a\u00e7\u0131klamas\u0131nda,ordu birliklerimizin \u015eam K\u0131rsal\u0131 Han el \u015eih Mezralar\u0131nda \u00e7ok say\u0131da ter\u00f6risti \u00f6l\u00fc ve yaral\u0131 d\u00fc\u015f\u00fcrd\u00fcklerini a\u011f\u0131r taramal\u0131 silahlarla donat\u0131lm\u0131\u015f iki ara\u00e7lar\u0131n\u0131 da imha ettiklerini s\u00f6yledi.<\/p>\n<p>Birliklerimizin ayr\u0131ca, ter\u00f6rist bir grubun Beyt Teyma K\u00f6y\u00fcnden Han el \u015eih y\u00f6n\u00fcnde s\u0131zma giri\u015fimlerini \u00e7\u00f6kerterek baz\u0131 ter\u00f6ristleri \u00f6l\u00fc ve yaral\u0131 d\u00fc\u015f\u00fcrd\u00fcklerini belirtti.<\/p>\n<p>Kaynak, ordu birliklerimizin Ouca B\u00f6lgesi Endumi Fabrikas\u0131n\u0131n kar\u015f\u0131s\u0131, Nabulsi Mezraas\u0131, \u00c7in Villas\u0131 ve \u015eeriat okulu ile Han el \u015eih\u2019te Lise yak\u0131nlar\u0131nda ter\u00f6ristlerin k\u00fcmelenme yerlerini hedef ald\u0131klar\u0131n\u0131 \u00e7ok say\u0131da ter\u00f6risti \u00f6l\u00fc ve yaral\u0131 d\u00fc\u015f\u00fcrd\u00fcklerini ifade etti.<\/p>\n<p>Kaynak, Kunaytra\u2019da da ordu birliklerimizin Tel el Ahmar\u2019\u0131n kuzeyinde silahl\u0131 bir ter\u00f6r grubunu Ebu \u015eayta B\u00f6lgesinde ise ter\u00f6ristlere ait bir ara\u00e7 konvoyunu hedef almalar\u0131 sonucunda \u00e7ok say\u0131da ter\u00f6risti \u00f6l\u00fc ve yaral\u0131 d\u00fc\u015f\u00fcrd\u00fcklerini baz\u0131 ara\u00e7lar\u0131n\u0131 da imha ettiklerini ifade etti.<\/p>\n<p>SANA saha muhabiri, ordu birliklerimizin Do\u011fu Guta derinlikleri kuzey ve do\u011fu \u00e7iftliklerdeki Mleyha,TAMECO \u00a0ila\u00e7 sanayi fabrikas\u0131 \u00e7evresi ve Ne\u015f\u015fabiye \u00e7iftliklerinde \u00e7ok say\u0131da ter\u00f6risti \u00f6ld\u00fcrd\u00fcklerini, Ayn Terma \u00a0Vadisinde de bir ter\u00f6r h\u00fccresini hedef almalar\u0131 sonucunda \u00e7ok say\u0131da ter\u00f6ristin \u00f6l\u00fc ve yaral\u0131 d\u00fc\u015f\u00fcrd\u00fcklerini \u00e7len tyer\u00f6ristler aras\u0131nda Mahrus Sabiha ve Yezen el Hanefi\u2019nin bulundu\u011funu ifade etti.<\/p>\n<div style=\"width: 618px;\" class=\"wp-video\"><!--[if lt IE 9]><script>document.createElement('video');<\/script><![endif]-->\n<video class=\"wp-video-shortcode\" id=\"video-6631-1\" width=\"618\" height=\"348\" preload=\"metadata\" controls=\"controls\"><source type=\"video\/x-flv\" src=\"http:\/\/www.sana.sy\/tr\/wp-content\/uploads\/2014\/08\/\u062e\u0628\u0631-\u0627\u0644\u0645\u0644\u064a\u062d\u0629_new.flv?_=1\" \/><a href=\"http:\/\/www.sana.sy\/tr\/wp-content\/uploads\/2014\/08\/\u062e\u0628\u0631-\u0627\u0644\u0645\u0644\u064a\u062d\u0629_new.flv\">http:\/\/www.sana.sy\/tr\/wp-content\/uploads\/2014\/08\/\u062e\u0628\u0631-\u0627\u0644\u0645\u0644\u064a\u062d\u0629_new.flv<\/a><\/video><\/div>\n<p><span style=\"color: #0000ff\">Halep\u2019te Ter\u00f6ristlere Ait \u00c7ok Say\u0131da Ara\u00e7 \u0130mha Edildi Yabanc\u0131 Uyruklu Ter\u00f6ristler \u00d6ld\u00fcr\u00fcld\u00fc<\/span><\/p>\n<p>Kahraman ordu birliklerimiz Halep ve k\u0131rsal\u0131n\u0131n muhtelif b\u00f6lgelerinde \u00e7ok say\u0131da ter\u00f6risti \u00f6ld\u00fcrd\u00fc su\u00e7 edatlar\u0131n\u0131 da imha etti.<\/p>\n<p>Askeri kaynak, ordu birliklerimizin Halep ve k\u0131rsal\u0131n\u0131n Kad\u0131 Asker, Handarat Kamp\u0131, Tadef, Merce, Cub el Safa, Meslemiye, Kat\u0131rc\u0131, el Nanani Sahas\u0131, \u015eeyh Lutfi ve Afrikano\u2019da ter\u00f6ristlerin toplanma yerleri ve h\u00fccrelerini hedef almas\u0131 sonucunda \u00e7ok say\u0131da ter\u00f6risti \u00f6l\u00fc ve yaral\u0131 d\u00fc\u015f\u00fcrd\u00fc\u011f\u00fcn\u00fc su\u00e7 edatlar\u0131n\u0131 da imha ettiklerini s\u00f6yledi.<\/p>\n<p>Askeri kaynak, ordu birliklerimizin Halep\u2019in Merce ve Salihin bulvarlar\u0131 aras\u0131nda ter\u00f6ristlere ait baz\u0131lar\u0131 silah y\u00fckl\u00fc 15 ara\u00e7 ile Kerm el Tarrab, Neyreb\u2019in \u00e7evresi ve Cedide\u2019de i\u00e7indeki ter\u00f6ristlerle birlikte 8 ara\u00e7 ve 23 ayar\u0131nda iki toplar\u0131n\u0131 imha ettiklerini s\u00f6yledi.<\/p>\n<p>Kaynak, ordu birliklerimizin Halep Havaalan\u0131 \u00e7evresinde ise muhtelif uyruklu 23 ter\u00f6risti \u00f6ld\u00fcrd\u00fcklerini s\u00f6yledi.<\/p>\n<p><span style=\"color: #0000ff\">Dera\u2019da \u00c7ok Say\u0131da Ter\u00f6rist \u00d6ld\u00fcr\u00fcld\u00fc<\/span><\/p>\n<p>Askeri kaynak, ordu birliklerimizin Dera k\u0131rsal\u0131 Dael Bulvar\u0131nda 29 ter\u00f6risti \u00f6ld\u00fcrd\u00fcklerini Tel el H\u0131d\u0131r\u2019\u0131n bat\u0131s\u0131nda bir ter\u00f6r grubunun t\u00fcm elemanlar\u0131n\u0131 tamamen \u00f6ld\u00fcrd\u00fcklerini, Yaduda\u2019dan tel el Zater\u2019e do\u011fru s\u0131zma giri\u015fiminde bulunan bir ter\u00f6r grubunun \u00e7\u00f6kertildi\u011fini s\u00f6yledi.<\/p>\n<p><span style=\"color: #0000ff\">Homs K\u0131rsal\u0131nda Bir\u00e7ok Ter\u00f6rist \u00d6ld\u00fcr\u00fcld\u00fc<\/span><\/p>\n<p>Vatan koruyucular\u0131 ordu birliklerimiz Homs k\u0131rsal\u0131n\u0131n Um el \u015ear\u015fuh, Mhassa, Akrab, Tel Dahab, Deyr Fuvl ve Resten b\u00f6lgelerinin yan\u0131 s\u0131ra Karyeteyn Beldesinin do\u011fusunda ter\u00f6r \u00e7eteleri ve yuvalar\u0131na y\u00f6nelik operasyonlar\u0131n\u0131 s\u00fcrd\u00fcrd\u00fc.<\/p>\n<p>Askeri kaynak operasyonlarda onlarca ter\u00f6ristin \u00f6l\u00fc yaral\u0131 d\u00fc\u015f\u00fcr\u00fcld\u00fc\u011f\u00fcn\u00fc, ara\u00e7 ve cephaneliklerinin tahrip edildi\u011fini aktard\u0131.<\/p>\n<p><span style=\"color: #0000ff\">\u0130dlib K\u0131rsal\u0131nda Onlarca Ter\u00f6rist \u00d6ld\u00fcr\u00fcld\u00fc<\/span><\/p>\n<p>Askeri kaynak ordu birliklerimizin \u0130dlib k\u0131rsal\u0131nda Ebu el Zuhur Havaliman\u0131n\u0131n bat\u0131s\u0131na d\u00fc\u015fen Tel el Lavz civar\u0131, Kmeynas, Kovrin, Hafya, Tel el Debban, Musteriha, Tel Fahhar ve \u015eaklah b\u00f6lgelerinde ter\u00f6ristlerin k\u00fcmelenme yerleri ve karargahlar\u0131n\u0131 hedef ald\u0131klar\u0131n\u0131 belirtti.<\/p>\n<p>Kaynak operasyonlarda aralar\u0131nda yabanc\u0131lar\u0131n bulundu\u011fu onlarca ter\u00f6ristin \u00f6l\u00fc yaral\u0131 d\u00fc\u015f\u00fcr\u00fcld\u00fcklerini, bir k\u0131sm\u0131 a\u011f\u0131r makineli silahlarla donat\u0131lm\u0131\u015f bir\u00e7ok ara\u00e7lar\u0131n\u0131n da tahrip edildi\u011fini s\u00f6yledi.<\/p>\n<p>Askeri kaynak SANA\u2019ya\u00a0 a\u00e7\u0131klamas\u0131nda\u00a0 ordu birliklerimizin \u0130dlib k\u0131rsal\u0131nda el Hifye k\u00f6y\u00fcnde ter\u00f6ristlere ait bir m\u00fchimmat deposunu imha etti.<\/p>\n<p>Kaynak ayr\u0131ca ordu birliklerimizin Ebu el Zuhur Havaliman\u0131 civar\u0131nda Tel el Duban K\u00f6y\u00fcnde ter\u00f6ristlere bir karargah\u0131 hedef alarak, 23 mm ve 14.5 mm kalibreli toplar\u0131n yan\u0131 s\u0131ra a\u011f\u0131r makineli silahlarla donat\u0131lm\u0131\u015f bir\u00e7ok ara\u00e7lar\u0131n\u0131 imha ederek; aralar\u0131nda tan\u0131nm\u0131\u015f az\u0131l\u0131 katillerin bulundu\u011fu onlarca ter\u00f6risti \u00f6ld\u00fcrd\u00fckleri s\u00f6yledi.<\/p>\n","protected":false},"excerpt":{"rendered":"<p>\u0130LLER \u2013 Ordu ve Silahl\u0131 Kuvvetlerimize ba\u011fl\u0131 ordu birliklerinin ter\u00f6rle m\u00fccadele kapsam\u0131nda \u00e7ok say\u0131da ter\u00f6risti \u00f6ld\u00fcrd\u00fc ter\u00f6ristlere ait \u00e7ok say\u0131da ara\u00e7lar\u0131n\u0131 yan\u0131 s\u0131ra silah askeri m\u00fchimmatlar\u0131n\u0131 imha etti. \u015eam K\u0131rsal\u0131 ve Kunaytra\u2019da Ter\u00f6ristlerin S\u0131zma Giri\u015fimleri \u00c7\u00f6kertildi \u015eam K\u0131rsal\u0131 ve Kunaytra\u2019n\u0131n bir ka\u00e7 Belde ve K\u00f6y\u00fcnde ordu birliklerimiz ter\u00f6ristlerin h\u00fccre ve toplanma yerlerini hedef almas\u0131 sonucunda &hellip;<\/p>\n","protected":false},"author":1,"featured_media":6638,"comment_status":"closed","ping_status":"closed","sticky":false,"template":"","format":"standard","meta":{"footnotes":""},"categories":[575],"tags":[1485],"class_list":["post-6631","post","type-post","status-publish","format-standard","has-post-thumbnail","","category-olaylar-ve-gercekler","tag-terorle-mucadelede-yabanci-uyruklu-teroristler-olduruldu"],"_links":{"self":[{"href":"https:\/\/archive.sana.sy\/tr\/index.php?rest_route=\/wp\/v2\/posts\/6631","targetHints":{"allow":["GET"]}}],"collection":[{"href":"https:\/\/archive.sana.sy\/tr\/index.php?rest_route=\/wp\/v2\/posts"}],"about":[{"href":"https:\/\/archive.sana.sy\/tr\/index.php?rest_route=\/wp\/v2\/types\/post"}],"author":[{"embeddable":true,"href":"https:\/\/archive.sana.sy\/tr\/index.php?rest_route=\/wp\/v2\/users\/1"}],"replies":[{"embeddable":true,"href":"https:\/\/archive.sana.sy\/tr\/index.php?rest_route=%2Fwp%2Fv2%2Fcomments&post=6631"}],"version-history":[{"count":0,"href":"https:\/\/archive.sana.sy\/tr\/index.php?rest_route=\/wp\/v2\/posts\/6631\/revisions"}],"wp:featuredmedia":[{"embeddable":true,"href":"https:\/\/archive.sana.sy\/tr\/index.php?rest_route=\/wp\/v2\/media\/6638"}],"wp:attachment":[{"href":"https:\/\/archive.sana.sy\/tr\/index.php?rest_route=%2Fwp%2Fv2%2Fmedia&parent=6631"}],"wp:term":[{"taxonomy":"category","embeddable":true,"href":"https:\/\/archive.sana.sy\/tr\/index.php?rest_route=%2Fwp%2Fv2%2Fcategories&post=6631"},{"taxonomy":"post_tag","embeddable":true,"href":"https:\/\/archive.sana.sy\/tr\/index.php?rest_route=%2Fwp%2Fv2%2Ftags&post=6631"}],"curies":[{"name":"wp","href":"https:\/\/api.w.org\/{rel}","templated":true}]}}