{"id":6634,"date":"2014-08-06T13:59:03","date_gmt":"2014-08-06T10:59:03","guid":{"rendered":"http:\/\/www.sana.sy\/tr\/?p=6634"},"modified":"2014-08-06T13:59:03","modified_gmt":"2014-08-06T10:59:03","slug":"vatanseverlikleriyle-yaptirimlara-meydan-okudular","status":"publish","type":"post","link":"https:\/\/archive.sana.sy\/tr\/?p=6634","title":{"rendered":"Vatanseverlikleriyle Yapt\u0131r\u0131mlara Meydan Okudular"},"content":{"rendered":"<p>PAR\u0130S \u2013 Suriyeli gurbet\u00e7iler anavatanlar\u0131na sevgi ve ba\u011fl\u0131l\u0131klar\u0131nda t\u00fcm d\u00fcnyaya model bir portre takdim ederek, Suriye&#8217;nin maruz kald\u0131\u011f\u0131 t\u00fcm yapt\u0131r\u0131m, dayatma ve bask\u0131lara meydan okudular.<\/p>\n<p>Bu ba\u011flamda Fransa&#8217;da ya\u015fayan Suriyeliler anavatan ve havayollar\u0131 \u015firketi dahil hizmet kurumlar\u0131n\u0131n maruz kald\u0131\u011f\u0131 yapt\u0131r\u0131m ve ablukalar\u0131 k\u0131rmakla birlikte ulusal ekonomiye destek olma amac\u0131yla \u2018Kuca\u011f\u0131n Suriye\u2019 slogan\u0131 alt\u0131nda Suriye Havayollar\u0131 \u015firketine ait bir u\u00e7akla sefer d\u00fczenliyorlar.<\/p>\n<p>Etkinlik organizat\u00f6rlerinden Rima Hleyfavi; Suriyeli ve muhtelif Arap \u00fclkelerinden gurbet\u00e7ilerin Suriye Havayollar\u0131 \u015eirketine uygulanan kat\u0131 ekonomik yapt\u0131r\u0131mlar ve Suriye&#8217;nin ulusal ekonomisine destek ba\u011flam\u0131nda Fransa\u2019dan Cezayir\u2019e oradan da Suriye u\u00e7aklar\u0131yla \u015eam ve Lazkiye havalimanlar\u0131na u\u00e7acaklar\u0131n\u0131 a\u00e7\u0131klad\u0131.<\/p>\n<p>Hleyfavi s\u00f6z konusu etkinli\u011fin ayn\u0131 zamanda Suriyeli gurbet\u00e7iler ile anavatanlar\u0131 aras\u0131ndaki ba\u011flar\u0131 peki\u015ftirme hedefi ta\u015f\u0131d\u0131\u011f\u0131n\u0131 s\u00f6zlerine ekledi.<\/p>\n<p>\u0130\u00e7inde bulunduklar\u0131 muhtelif ko\u015fullardan dolay\u0131 bu etkinli\u011fe kat\u0131lamayan Suriyelilerin mevcut olduklar\u0131n\u0131 ifade eden Hleyfavi; bu gurbet\u00e7ilerin talepleri \u00fczerine \u00f6n\u00fcm\u00fczdeki Kas\u0131m ay\u0131nda \u2018Kuca\u011f\u0131n Suriye 2\u2019 etkinli\u011fi d\u00fczenlenece\u011fini a\u00e7\u0131klad\u0131.<\/p>\n","protected":false},"excerpt":{"rendered":"<p>PAR\u0130S \u2013 Suriyeli gurbet\u00e7iler anavatanlar\u0131na sevgi ve ba\u011fl\u0131l\u0131klar\u0131nda t\u00fcm d\u00fcnyaya model bir portre takdim ederek, Suriye&#8217;nin maruz kald\u0131\u011f\u0131 t\u00fcm yapt\u0131r\u0131m, dayatma ve bask\u0131lara meydan okudular. Bu ba\u011flamda Fransa&#8217;da ya\u015fayan Suriyeliler anavatan ve havayollar\u0131 \u015firketi dahil hizmet kurumlar\u0131n\u0131n maruz kald\u0131\u011f\u0131 yapt\u0131r\u0131m ve ablukalar\u0131 k\u0131rmakla birlikte ulusal ekonomiye destek olma amac\u0131yla \u2018Kuca\u011f\u0131n Suriye\u2019 slogan\u0131 alt\u0131nda Suriye Havayollar\u0131 &hellip;<\/p>\n","protected":false},"author":1,"featured_media":6635,"comment_status":"closed","ping_status":"closed","sticky":false,"template":"","format":"standard","meta":{"footnotes":""},"categories":[485,486],"tags":[1486],"class_list":["post-6634","post","type-post","status-publish","format-standard","has-post-thumbnail","","category-is-ve-sermaye","category-haberler-is-ve-sermaye","tag-vatanseverlikleriyle-yaptirimlara-meydan-okudular"],"_links":{"self":[{"href":"https:\/\/archive.sana.sy\/tr\/index.php?rest_route=\/wp\/v2\/posts\/6634","targetHints":{"allow":["GET"]}}],"collection":[{"href":"https:\/\/archive.sana.sy\/tr\/index.php?rest_route=\/wp\/v2\/posts"}],"about":[{"href":"https:\/\/archive.sana.sy\/tr\/index.php?rest_route=\/wp\/v2\/types\/post"}],"author":[{"embeddable":true,"href":"https:\/\/archive.sana.sy\/tr\/index.php?rest_route=\/wp\/v2\/users\/1"}],"replies":[{"embeddable":true,"href":"https:\/\/archive.sana.sy\/tr\/index.php?rest_route=%2Fwp%2Fv2%2Fcomments&post=6634"}],"version-history":[{"count":0,"href":"https:\/\/archive.sana.sy\/tr\/index.php?rest_route=\/wp\/v2\/posts\/6634\/revisions"}],"wp:featuredmedia":[{"embeddable":true,"href":"https:\/\/archive.sana.sy\/tr\/index.php?rest_route=\/wp\/v2\/media\/6635"}],"wp:attachment":[{"href":"https:\/\/archive.sana.sy\/tr\/index.php?rest_route=%2Fwp%2Fv2%2Fmedia&parent=6634"}],"wp:term":[{"taxonomy":"category","embeddable":true,"href":"https:\/\/archive.sana.sy\/tr\/index.php?rest_route=%2Fwp%2Fv2%2Fcategories&post=6634"},{"taxonomy":"post_tag","embeddable":true,"href":"https:\/\/archive.sana.sy\/tr\/index.php?rest_route=%2Fwp%2Fv2%2Ftags&post=6634"}],"curies":[{"name":"wp","href":"https:\/\/api.w.org\/{rel}","templated":true}]}}