{"id":66379,"date":"2016-03-24T10:25:30","date_gmt":"2016-03-24T08:25:30","guid":{"rendered":"http:\/\/sana.sy\/tr\/?p=66379"},"modified":"2016-03-24T12:49:18","modified_gmt":"2016-03-24T10:49:18","slug":"rusya-ve-abd-arasindaki-iliskilere-iliskin-bir-dizi-meselenin-tartisilmaya-ihtiyac-duyduguna-dikkat-ceken-lavrov-kerry-ile-birlikte-baskan-vladimir-putin-ile-goruseceklerini-soyledi","status":"publish","type":"post","link":"https:\/\/archive.sana.sy\/tr\/?p=66379","title":{"rendered":"Rusya ve ABD aras\u0131ndaki ili\u015fkilere ili\u015fkin bir dizi meselenin tart\u0131\u015f\u0131lmaya ihtiya\u00e7 duydu\u011funa dikkat \u00e7eken Lavrov; Kerry ile birlikte Ba\u015fkan Vladimir Putin ile g\u00f6r\u00fc\u015feceklerini s\u00f6yledi"},"content":{"rendered":"<p>Rusya ve ABD aras\u0131ndaki ili\u015fkilere ili\u015fkin bir dizi meselenin tart\u0131\u015f\u0131lmaya ihtiya\u00e7 duydu\u011funa dikkat \u00e7eken Lavrov; Kerry ile birlikte Ba\u015fkan Vladimir Putin ile g\u00f6r\u00fc\u015feceklerini s\u00f6yledi<\/p>\n","protected":false},"excerpt":{"rendered":"<p>Rusya ve ABD aras\u0131ndaki ili\u015fkilere ili\u015fkin bir dizi meselenin tart\u0131\u015f\u0131lmaya ihtiya\u00e7 duydu\u011funa dikkat \u00e7eken Lavrov; Kerry ile birlikte Ba\u015fkan Vladimir Putin ile g\u00f6r\u00fc\u015feceklerini s\u00f6yledi<\/p>\n","protected":false},"author":1,"featured_media":0,"comment_status":"closed","ping_status":"closed","sticky":false,"template":"","format":"standard","meta":{"footnotes":""},"categories":[17991],"tags":[],"class_list":["post-66379","post","type-post","status-publish","format-standard","","category-son-dakika"],"_links":{"self":[{"href":"https:\/\/archive.sana.sy\/tr\/index.php?rest_route=\/wp\/v2\/posts\/66379","targetHints":{"allow":["GET"]}}],"collection":[{"href":"https:\/\/archive.sana.sy\/tr\/index.php?rest_route=\/wp\/v2\/posts"}],"about":[{"href":"https:\/\/archive.sana.sy\/tr\/index.php?rest_route=\/wp\/v2\/types\/post"}],"author":[{"embeddable":true,"href":"https:\/\/archive.sana.sy\/tr\/index.php?rest_route=\/wp\/v2\/users\/1"}],"replies":[{"embeddable":true,"href":"https:\/\/archive.sana.sy\/tr\/index.php?rest_route=%2Fwp%2Fv2%2Fcomments&post=66379"}],"version-history":[{"count":0,"href":"https:\/\/archive.sana.sy\/tr\/index.php?rest_route=\/wp\/v2\/posts\/66379\/revisions"}],"wp:attachment":[{"href":"https:\/\/archive.sana.sy\/tr\/index.php?rest_route=%2Fwp%2Fv2%2Fmedia&parent=66379"}],"wp:term":[{"taxonomy":"category","embeddable":true,"href":"https:\/\/archive.sana.sy\/tr\/index.php?rest_route=%2Fwp%2Fv2%2Fcategories&post=66379"},{"taxonomy":"post_tag","embeddable":true,"href":"https:\/\/archive.sana.sy\/tr\/index.php?rest_route=%2Fwp%2Fv2%2Ftags&post=66379"}],"curies":[{"name":"wp","href":"https:\/\/api.w.org\/{rel}","templated":true}]}}