{"id":66394,"date":"2016-03-24T14:50:00","date_gmt":"2016-03-24T12:50:00","guid":{"rendered":"http:\/\/sana.sy\/tr\/?p=66394"},"modified":"2016-03-29T10:43:05","modified_gmt":"2016-03-29T07:43:05","slug":"hava-guclerimizin-destegindeki-ordu-birliklerimiz-basarilarini-surduruyor","status":"publish","type":"post","link":"https:\/\/archive.sana.sy\/tr\/?p=66394","title":{"rendered":"Hava G\u00fc\u00e7lerimizin Deste\u011findeki Ordu Birliklerimiz Ba\u015far\u0131lar\u0131n\u0131 S\u00fcrd\u00fcr\u00fcyor(video)"},"content":{"rendered":"<p>\u0130LLER \u2013 I\u015e\u0130D ve Nusra Cephesine kar\u015f\u0131 hava g\u00fc\u00e7lerimizin deste\u011fi ile operasyonlar\u0131n\u0131 s\u00fcrd\u00fcren ordu birliklerimiz bug\u00fcn de yeni ilerlemelere imza atarak tekfirci \u00e7eteleri kay\u0131plara u\u011fratmaya devam etti.<\/p>\n<p><span style=\"color: #0000ff\">HOMS:<\/span><\/p>\n<p>SANA\u2019ya a\u00e7\u0131klama yapan askeri kaynak ordu birliklerimizin Halk Savunma G\u00fc\u00e7leriyle i\u015fbirli\u011fi i\u00e7inde Homs k\u0131rsal\u0131n\u0131n do\u011fusu Tedmur Kentinin bat\u0131s\u0131 Palmira Kalesinin yakla\u015f\u0131k 3 km bat\u0131s\u0131na d\u00fc\u015fen Tar Da\u011f\u0131n\u0131 kontrollerine ge\u00e7irmeleri ard\u0131ndan kent y\u00f6n\u00fcnde ba\u015far\u0131yla ilerlemeye devam ettiklerini belirtti. Operasyonlarda aralar\u0131nda saha komutanlar\u0131n\u0131n bulundu\u011fu y\u00fcksek say\u0131da tekfircinin \u00f6ld\u00fcr\u00fcld\u00fc\u011f\u00fcn\u00fc belirten kaynak, Tedmur Kentinin tamam\u0131n\u0131n ordu namlular\u0131n\u0131n \u00f6n\u00fcnde a\u00e7\u0131k kalmas\u0131yla tekfircilerin psikolojik \u00e7\u00f6k\u00fc\u015f ya\u015fad\u0131klar\u0131n\u0131 s\u00f6yledi.<\/p>\n<p>Kaynak vatan koruyucular\u0131m\u0131z\u0131n Halk Savunma G\u00fc\u00e7leriyle i\u015fbirli\u011fi i\u00e7inde Tedmur Kentinin bat\u0131s\u0131 Kubur Vadisi ve Kusur da\u011flar\u0131n\u0131 kontrollerine ge\u00e7irdiklerini ifade ederken, tekfirci I\u015e\u0130D\u2019lileri kovalama ve etkisizle\u015ftirme operasyonlar\u0131n\u0131 ba\u015far\u0131yla s\u00fcrd\u00fcrd\u00fcklerini aktard\u0131.<\/p>\n<p>G\u00fcn\u00fcn ilerleyen saatlerinde SANA\u2019ya a\u00e7\u0131klama yapan askeri kaynak; ordu birliklerimizin Tedmur Kentinin g\u00fcneydo\u011fu giri\u015finde Dedeman Tedmur ve Ziraat Bulvar\u0131nda I\u015e\u0130D\u2019in son mevkilerini yok etmeleri ard\u0131ndan b\u00f6lgeyi kontrollerine ge\u00e7irdiklerini belirtti.<\/p>\n<p>Bu arada hava g\u00fc\u00e7lerimiz Tedmur Kentinin yakla\u015f\u0131k 70 km do\u011fusuna d\u00fc\u015fen Suhna B\u00f6lgesi yolu \u00fczerinde I\u015e\u0130D \u00e7etelerine destek ve ikmal ta\u015f\u0131yan bir\u00e7ok arac\u0131n yan\u0131 s\u0131ra bir dizi mevkii muhtevalar\u0131yla imha etti.<\/p>\n<p>Ordu birliklerimiz Tedmur Kentinin yakla\u015f\u0131k 2 km g\u00fcneybat\u0131s\u0131na d\u00fc\u015fen Tedmur \u00dc\u00e7geninde ordu birliklerimiz \u00e7ok say\u0131da ter\u00f6risti \u00f6ld\u00fcrmeleri ard\u0131ndan b\u00f6lge ve Heyyal S\u0131rada\u011flar\u0131n\u0131 kontrollerine ge\u00e7irmi\u015flerdi. B\u00f6ylece Tedmur Kenti ve tarihi eserlerin bulundu\u011fu Palmira B\u00f6lgesi ordu birliklerimizin namlular\u0131 \u00f6n\u00fcnde a\u00e7\u0131k kald\u0131.<\/p>\n<p>https:\/\/www.youtube.com\/watch?v=Ui_d_rrHa1g<\/p>\n<p><span style=\"color: #0000ff\">S\u00dcVEYDA:<\/span><\/p>\n<p>S\u00fcveyda k\u0131rsal\u0131nda yine I\u015e\u0130D \u00e7etelerine kar\u015f\u0131 operasyonlar\u0131n\u0131 s\u00fcrd\u00fcren ordu birliklerimiz, G\u00fcney Tel E\u015fhib Tepesinde bir k\u0131sm\u0131 a\u011f\u0131r silahlarla donat\u0131lm\u0131\u015f olup ter\u00f6rist ve cephane ta\u015f\u0131yan bir\u00e7ok ara\u00e7lar\u0131n\u0131 y\u00fckleriyle birlikte imha etti.<\/p>\n<p>Askeri kaynak operasyonlarda Kasr K\u00f6y\u00fcnde de I\u015e\u0130D \u00e7etelerine ait cephane y\u00fckl\u00fc bir arac\u0131n imha edildi\u011fini s\u00f6yledi.<\/p>\n<p>R.H.<\/p>\n","protected":false},"excerpt":{"rendered":"<p>\u0130LLER \u2013 I\u015e\u0130D ve Nusra Cephesine kar\u015f\u0131 hava g\u00fc\u00e7lerimizin deste\u011fi ile operasyonlar\u0131n\u0131 s\u00fcrd\u00fcren ordu birliklerimiz bug\u00fcn de yeni ilerlemelere imza atarak tekfirci \u00e7eteleri kay\u0131plara u\u011fratmaya devam etti. HOMS: SANA\u2019ya a\u00e7\u0131klama yapan askeri kaynak ordu birliklerimizin Halk Savunma G\u00fc\u00e7leriyle i\u015fbirli\u011fi i\u00e7inde Homs k\u0131rsal\u0131n\u0131n do\u011fusu Tedmur Kentinin bat\u0131s\u0131 Palmira Kalesinin yakla\u015f\u0131k 3 km bat\u0131s\u0131na d\u00fc\u015fen Tar Da\u011f\u0131n\u0131 &hellip;<\/p>\n","protected":false},"author":1,"featured_media":66395,"comment_status":"closed","ping_status":"closed","sticky":false,"template":"","format":"standard","meta":{"footnotes":""},"categories":[575],"tags":[20034],"class_list":["post-66394","post","type-post","status-publish","format-standard","has-post-thumbnail","","category-olaylar-ve-gercekler","tag-hava-guclerimizin-destegindeki-ordu-birliklerimiz-basarilarini-surduruyor"],"_links":{"self":[{"href":"https:\/\/archive.sana.sy\/tr\/index.php?rest_route=\/wp\/v2\/posts\/66394","targetHints":{"allow":["GET"]}}],"collection":[{"href":"https:\/\/archive.sana.sy\/tr\/index.php?rest_route=\/wp\/v2\/posts"}],"about":[{"href":"https:\/\/archive.sana.sy\/tr\/index.php?rest_route=\/wp\/v2\/types\/post"}],"author":[{"embeddable":true,"href":"https:\/\/archive.sana.sy\/tr\/index.php?rest_route=\/wp\/v2\/users\/1"}],"replies":[{"embeddable":true,"href":"https:\/\/archive.sana.sy\/tr\/index.php?rest_route=%2Fwp%2Fv2%2Fcomments&post=66394"}],"version-history":[{"count":0,"href":"https:\/\/archive.sana.sy\/tr\/index.php?rest_route=\/wp\/v2\/posts\/66394\/revisions"}],"wp:featuredmedia":[{"embeddable":true,"href":"https:\/\/archive.sana.sy\/tr\/index.php?rest_route=\/wp\/v2\/media\/66395"}],"wp:attachment":[{"href":"https:\/\/archive.sana.sy\/tr\/index.php?rest_route=%2Fwp%2Fv2%2Fmedia&parent=66394"}],"wp:term":[{"taxonomy":"category","embeddable":true,"href":"https:\/\/archive.sana.sy\/tr\/index.php?rest_route=%2Fwp%2Fv2%2Fcategories&post=66394"},{"taxonomy":"post_tag","embeddable":true,"href":"https:\/\/archive.sana.sy\/tr\/index.php?rest_route=%2Fwp%2Fv2%2Ftags&post=66394"}],"curies":[{"name":"wp","href":"https:\/\/api.w.org\/{rel}","templated":true}]}}