{"id":66419,"date":"2016-03-24T19:33:20","date_gmt":"2016-03-24T17:33:20","guid":{"rendered":"http:\/\/sana.sy\/tr\/?p=66419"},"modified":"2016-03-28T10:57:28","modified_gmt":"2016-03-28T07:57:28","slug":"yeni-mezunlara-toren-duzenlendi","status":"publish","type":"post","link":"https:\/\/archive.sana.sy\/tr\/?p=66419","title":{"rendered":"Yeni Mezunlara T\u00f6ren D\u00fczenlendi"},"content":{"rendered":"<p>HASEKE \u2013 Vatan\u0131 savunman\u0131n istisnas\u0131z t\u00fcm Suriyelilerin g\u00f6rev ve sorumlulu\u011fu ilkesinden hareketle yurdun muhtelif illerinde devam eden ki\u015fisel savunma program\u0131 kapsam\u0131nda bug\u00fcn Haseke Kentinde program e\u011fitimini tamamlayan 362 ki\u015fiye mezuniyet t\u00f6reni d\u00fczenlendi.<\/p>\n<p>Ordu birliklerimizin ter\u00f6rden temizledikleri b\u00f6lgeleri korumak yada bulunduklar\u0131 b\u00f6lgelerde ter\u00f6r sald\u0131r\u0131lar\u0131n\u0131 engelleme ama\u00e7l\u0131 olarak g\u00f6n\u00fcll\u00fc vatanda\u015flar veya devlet memurlar\u0131n\u0131n kat\u0131ld\u0131klar\u0131 program kapsam\u0131nda Haseke\u2019de petrol ve do\u011falgaz sekt\u00f6r\u00fcnden kat\u0131lan 362 ki\u015fi mezuniyet t\u00f6renlerinde ald\u0131klar\u0131 e\u011fitimin sonu\u00e7lar\u0131na \u0131\u015f\u0131k tutan pratik bir sunum takdim ettiler.<\/p>\n<p>T\u00f6rene kat\u0131lan Haseke Valisi Muhammed Zeal el Ali; bu gibi g\u00f6n\u00fcll\u00fc yurtsever \u00e7al\u0131\u015fmalar\u0131n \u00f6nemine dikkat \u00e7ekti.<\/p>\n","protected":false},"excerpt":{"rendered":"<p>HASEKE \u2013 Vatan\u0131 savunman\u0131n istisnas\u0131z t\u00fcm Suriyelilerin g\u00f6rev ve sorumlulu\u011fu ilkesinden hareketle yurdun muhtelif illerinde devam eden ki\u015fisel savunma program\u0131 kapsam\u0131nda bug\u00fcn Haseke Kentinde program e\u011fitimini tamamlayan 362 ki\u015fiye mezuniyet t\u00f6reni d\u00fczenlendi. Ordu birliklerimizin ter\u00f6rden temizledikleri b\u00f6lgeleri korumak yada bulunduklar\u0131 b\u00f6lgelerde ter\u00f6r sald\u0131r\u0131lar\u0131n\u0131 engelleme ama\u00e7l\u0131 olarak g\u00f6n\u00fcll\u00fc vatanda\u015flar veya devlet memurlar\u0131n\u0131n kat\u0131ld\u0131klar\u0131 program kapsam\u0131nda Haseke\u2019de &hellip;<\/p>\n","protected":false},"author":1,"featured_media":66420,"comment_status":"closed","ping_status":"closed","sticky":false,"template":"","format":"standard","meta":{"footnotes":""},"categories":[479,17988,478],"tags":[20043,20044,20042],"class_list":["post-66419","post","type-post","status-publish","format-standard","has-post-thumbnail","","category-haberler-yerel","category-son-haberler","category-yerel","tag-362-kisiye-mezuniyet-toreni","tag-torene-katilan-haseke-valisi-muhammed-zeal-el-ali","tag-yeni-mezunlara-toren-duzenlendi"],"_links":{"self":[{"href":"https:\/\/archive.sana.sy\/tr\/index.php?rest_route=\/wp\/v2\/posts\/66419","targetHints":{"allow":["GET"]}}],"collection":[{"href":"https:\/\/archive.sana.sy\/tr\/index.php?rest_route=\/wp\/v2\/posts"}],"about":[{"href":"https:\/\/archive.sana.sy\/tr\/index.php?rest_route=\/wp\/v2\/types\/post"}],"author":[{"embeddable":true,"href":"https:\/\/archive.sana.sy\/tr\/index.php?rest_route=\/wp\/v2\/users\/1"}],"replies":[{"embeddable":true,"href":"https:\/\/archive.sana.sy\/tr\/index.php?rest_route=%2Fwp%2Fv2%2Fcomments&post=66419"}],"version-history":[{"count":0,"href":"https:\/\/archive.sana.sy\/tr\/index.php?rest_route=\/wp\/v2\/posts\/66419\/revisions"}],"wp:featuredmedia":[{"embeddable":true,"href":"https:\/\/archive.sana.sy\/tr\/index.php?rest_route=\/wp\/v2\/media\/66420"}],"wp:attachment":[{"href":"https:\/\/archive.sana.sy\/tr\/index.php?rest_route=%2Fwp%2Fv2%2Fmedia&parent=66419"}],"wp:term":[{"taxonomy":"category","embeddable":true,"href":"https:\/\/archive.sana.sy\/tr\/index.php?rest_route=%2Fwp%2Fv2%2Fcategories&post=66419"},{"taxonomy":"post_tag","embeddable":true,"href":"https:\/\/archive.sana.sy\/tr\/index.php?rest_route=%2Fwp%2Fv2%2Ftags&post=66419"}],"curies":[{"name":"wp","href":"https:\/\/api.w.org\/{rel}","templated":true}]}}