{"id":6642,"date":"2014-08-06T17:24:32","date_gmt":"2014-08-06T14:24:32","guid":{"rendered":"http:\/\/www.sana.sy\/tr\/?p=6642"},"modified":"2014-08-08T15:27:15","modified_gmt":"2014-08-08T12:27:15","slug":"derada-600-kisinin-kanuni-durumu-duzletildi","status":"publish","type":"post","link":"https:\/\/archive.sana.sy\/tr\/?p=6642","title":{"rendered":"Dera\u2019da 600 Ki\u015finin Kanuni Durumu D\u00fczletildi"},"content":{"rendered":"<p>DERA \u2013 Dera Valili\u011finde bir kaynak; Dera kenti ve k\u0131rsal\u0131n\u0131n muhtelif b\u00f6lgelerinden silahlar\u0131yla teslim olan 600 kanun ka\u00e7a\u011f\u0131n\u0131n bug\u00fcn Cumhuriyet Ba\u015f M\u00fcft\u00fcs\u00fc Ahmet Bedrettin Hassun huzurunda serbest b\u0131rak\u0131ld\u0131klar\u0131n\u0131 belirtti.<\/p>\n<p>Kaynak s\u00f6z konusu ki\u015filerin serbest b\u0131rak\u0131lmalar\u0131ndan \u00f6nce vatan ve vatanda\u015flar\u0131n g\u00fcvenli\u011fini tehdit edebilecek herhangi bir eyleme kat\u0131lmama taahh\u00fcd\u00fc imzalad\u0131klar\u0131n\u0131 ifade etti.<\/p>\n<p><a href=\"http:\/\/www.sana.sy\/tr\/wp-content\/uploads\/2014\/08\/hassun.jpg\"><img loading=\"lazy\" decoding=\"async\" class=\"alignright wp-image-6693 size-full\" src=\"http:\/\/www.sana.sy\/tr\/wp-content\/uploads\/2014\/08\/hassun.jpg\" alt=\"hassun\" width=\"293\" height=\"203\" srcset=\"https:\/\/archive.sana.sy\/tr\/wp-content\/uploads\/2014\/08\/hassun.jpg 293w, https:\/\/archive.sana.sy\/tr\/wp-content\/uploads\/2014\/08\/hassun-150x103.jpg 150w\" sizes=\"auto, (max-width: 293px) 100vw, 293px\" \/><\/a>Cumhuriyet Genel M\u00fcft\u00fcs\u00fc Ahmet Bedrettin Hassun bu m\u00fcnasebetle yapt\u0131\u011f\u0131 konu\u015fmada, gen\u00e7leri vatan\u0131 korumaya, \u015fiddetten uzak durmaya ve hayra davet eden semavi dinlerin ilkelerini uygulamaya \u00e7a\u011f\u0131rarak, oyuna getirilen gen\u00e7lerin do\u011fru yola girerek halen silah ta\u015f\u0131yan di\u011ferlerine \u00f6rnek olmalar\u0131n\u0131 istedi.<\/p>\n<p>Hassun, evlatlar\u0131n\u0131n do\u011fru yolda y\u00fcr\u00fcmelerini saplamak i\u00e7in \u00f6n\u00fcm\u00fczdeki a\u015famada babalar\u0131n, annelerin ve \u00f6nde gelenlerin rol\u00fcne i\u015faret ederek, uzla\u015fma ve m\u00fcsamaha i\u00e7in ciddi \u00e7al\u0131\u015fmalar yapmaya \u00e7a\u011f\u0131rd\u0131.<\/p>\n<p>Hassun, ger\u00e7ek cihad\u0131n i\u015fgal edilen Filistin ve Suriye\u2019nin Golan\u2019\u0131nda olmas\u0131 gerekti\u011fini ifade etti.<\/p>\n","protected":false},"excerpt":{"rendered":"<p>DERA \u2013 Dera Valili\u011finde bir kaynak; Dera kenti ve k\u0131rsal\u0131n\u0131n muhtelif b\u00f6lgelerinden silahlar\u0131yla teslim olan 600 kanun ka\u00e7a\u011f\u0131n\u0131n bug\u00fcn Cumhuriyet Ba\u015f M\u00fcft\u00fcs\u00fc Ahmet Bedrettin Hassun huzurunda serbest b\u0131rak\u0131ld\u0131klar\u0131n\u0131 belirtti. Kaynak s\u00f6z konusu ki\u015filerin serbest b\u0131rak\u0131lmalar\u0131ndan \u00f6nce vatan ve vatanda\u015flar\u0131n g\u00fcvenli\u011fini tehdit edebilecek herhangi bir eyleme kat\u0131lmama taahh\u00fcd\u00fc imzalad\u0131klar\u0131n\u0131 ifade etti. Cumhuriyet Genel M\u00fcft\u00fcs\u00fc Ahmet Bedrettin &hellip;<\/p>\n","protected":false},"author":1,"featured_media":6692,"comment_status":"closed","ping_status":"closed","sticky":false,"template":"","format":"standard","meta":{"footnotes":""},"categories":[479,575,478],"tags":[1488],"class_list":["post-6642","post","type-post","status-publish","format-standard","has-post-thumbnail","","category-haberler-yerel","category-olaylar-ve-gercekler","category-yerel","tag-derada-600-kisinin-kanuni-durumu-duzletildi"],"_links":{"self":[{"href":"https:\/\/archive.sana.sy\/tr\/index.php?rest_route=\/wp\/v2\/posts\/6642","targetHints":{"allow":["GET"]}}],"collection":[{"href":"https:\/\/archive.sana.sy\/tr\/index.php?rest_route=\/wp\/v2\/posts"}],"about":[{"href":"https:\/\/archive.sana.sy\/tr\/index.php?rest_route=\/wp\/v2\/types\/post"}],"author":[{"embeddable":true,"href":"https:\/\/archive.sana.sy\/tr\/index.php?rest_route=\/wp\/v2\/users\/1"}],"replies":[{"embeddable":true,"href":"https:\/\/archive.sana.sy\/tr\/index.php?rest_route=%2Fwp%2Fv2%2Fcomments&post=6642"}],"version-history":[{"count":0,"href":"https:\/\/archive.sana.sy\/tr\/index.php?rest_route=\/wp\/v2\/posts\/6642\/revisions"}],"wp:featuredmedia":[{"embeddable":true,"href":"https:\/\/archive.sana.sy\/tr\/index.php?rest_route=\/wp\/v2\/media\/6692"}],"wp:attachment":[{"href":"https:\/\/archive.sana.sy\/tr\/index.php?rest_route=%2Fwp%2Fv2%2Fmedia&parent=6642"}],"wp:term":[{"taxonomy":"category","embeddable":true,"href":"https:\/\/archive.sana.sy\/tr\/index.php?rest_route=%2Fwp%2Fv2%2Fcategories&post=6642"},{"taxonomy":"post_tag","embeddable":true,"href":"https:\/\/archive.sana.sy\/tr\/index.php?rest_route=%2Fwp%2Fv2%2Ftags&post=6642"}],"curies":[{"name":"wp","href":"https:\/\/api.w.org\/{rel}","templated":true}]}}