{"id":66521,"date":"2016-03-25T18:10:28","date_gmt":"2016-03-25T15:10:28","guid":{"rendered":"http:\/\/www.sana.sy\/tr\/?p=66521"},"modified":"2016-03-26T12:36:44","modified_gmt":"2016-03-26T09:36:44","slug":"terore-karsi-operasyonlar-devam-ederken-homs-kirsalinda-yeni-ilerleme-kaydedildi","status":"publish","type":"post","link":"https:\/\/archive.sana.sy\/tr\/?p=66521","title":{"rendered":"Ter\u00f6re Kar\u015f\u0131 Operasyonlar Devam Ederken, Homs K\u0131rsal\u0131nda Yeni \u0130lerleme Kaydedildi"},"content":{"rendered":"<p>HOMS \u2013 I\u015e\u0130D ve Nusra Cephesine kar\u015f\u0131 operasyonlar\u0131n\u0131 hava g\u00fc\u00e7lerimizin deste\u011finde s\u00fcrd\u00fcren ordu birliklerimiz bug\u00fcn Homs k\u0131rsal\u0131n\u0131n do\u011fusu Tedmur B\u00f6lgesinde yeni ve \u00f6nemli ilerlemeler kaydetti.<\/p>\n<p>Vatan koruyucular\u0131m\u0131z Homs k\u0131rsal\u0131n\u0131n do\u011fusunda UNICEF\u2019in d\u00fcnya miras listesinde yer alan Antik Palmira Kentini I\u015e\u0130D \u00e7etelerinden kurtarma y\u00f6n\u00fcnde yeni ve \u00f6nemli bir ba\u015far\u0131 sa\u011flad\u0131. Ordu birliklerimiz antik kente bakan ve Palmira Kalesine de yak\u0131n olan Syriatell Tepesinde y\u00fcksek say\u0131da I\u015e\u0130D tekfircisini \u00f6ld\u00fcrmeleri ard\u0131ndan tepeyi kontrollerine ge\u00e7irdi.<\/p>\n<p>G\u00fcn\u00fcn ilerleyen saatlerinde SANA\u2019ya a\u00e7\u0131klama yapan kaynaklar; ordu birliklerimizin Halk Savunma g\u00fc\u00e7leriyle i\u015fbirli\u011fi i\u00e7inde \u00f6\u011flen saatlerinde Palmira Kalesinin tamam\u0131n\u0131 kontrollerine ge\u00e7irdiklerini ifade ederken, \u00e7at\u0131\u015fmalarda y\u00fcksek sat\u0131da tekfircinin \u00f6ld\u00fcr\u00fcld\u00fc\u011f\u00fcne dikkat \u00e7ekti.<\/p>\n<p>Saha kaynaklar\u0131 sa\u011f kalan I\u015e\u0130D \u00e7etelerinin Tedmur Kentine do\u011fru ka\u00e7malar\u0131ndan \u00f6nce arkalar\u0131nda b\u00fcy\u00fck miktarda cephane b\u0131rakt\u0131klar\u0131na dikkat \u00e7ekerken, tepede ayr\u0131ca \u00e7ok say\u0131da bubi tuza\u011f\u0131n\u0131n da etkisizle\u015ftirildi\u011fini aktard\u0131.<\/p>\n<p>Ayn\u0131 kaynaklar ordu birliklerimizin Tedmur Kentinin g\u00fcneybat\u0131 giri\u015fi y\u00f6n\u00fcnden de \u00f6nemli ilerlemeler kaydettiklerini ifade etti. Kentin kuzeybat\u0131 y\u00f6n\u00fcnden de operasyonlar\u0131n ba\u015far\u0131yla s\u00fcrd\u00fc\u011f\u00fcn\u00fc ifade eden kaynaklar; ya\u015fanan \u015fiddetli \u00e7at\u0131\u015fmalarda y\u00fcksek say\u0131da ter\u00f6ristin \u00f6l\u00fc yaral\u0131 ele ge\u00e7irildiklerini belirtti.<\/p>\n","protected":false},"excerpt":{"rendered":"<p>HOMS \u2013 I\u015e\u0130D ve Nusra Cephesine kar\u015f\u0131 operasyonlar\u0131n\u0131 hava g\u00fc\u00e7lerimizin deste\u011finde s\u00fcrd\u00fcren ordu birliklerimiz bug\u00fcn Homs k\u0131rsal\u0131n\u0131n do\u011fusu Tedmur B\u00f6lgesinde yeni ve \u00f6nemli ilerlemeler kaydetti. Vatan koruyucular\u0131m\u0131z Homs k\u0131rsal\u0131n\u0131n do\u011fusunda UNICEF\u2019in d\u00fcnya miras listesinde yer alan Antik Palmira Kentini I\u015e\u0130D \u00e7etelerinden kurtarma y\u00f6n\u00fcnde yeni ve \u00f6nemli bir ba\u015far\u0131 sa\u011flad\u0131. Ordu birliklerimiz antik kente bakan ve &hellip;<\/p>\n","protected":false},"author":1,"featured_media":66523,"comment_status":"closed","ping_status":"closed","sticky":false,"template":"","format":"standard","meta":{"footnotes":""},"categories":[575],"tags":[20068,20067,20066],"class_list":["post-66521","post","type-post","status-publish","format-standard","has-post-thumbnail","","category-olaylar-ve-gercekler","tag-antik-palmira-kentini-isid-cetelerinden-kurtarma-yonunde","tag-homs-kirsalinda-yeni-ilerleme-kaydedildi","tag-terore-karsi-operasyonlar-devam-ederken"],"_links":{"self":[{"href":"https:\/\/archive.sana.sy\/tr\/index.php?rest_route=\/wp\/v2\/posts\/66521","targetHints":{"allow":["GET"]}}],"collection":[{"href":"https:\/\/archive.sana.sy\/tr\/index.php?rest_route=\/wp\/v2\/posts"}],"about":[{"href":"https:\/\/archive.sana.sy\/tr\/index.php?rest_route=\/wp\/v2\/types\/post"}],"author":[{"embeddable":true,"href":"https:\/\/archive.sana.sy\/tr\/index.php?rest_route=\/wp\/v2\/users\/1"}],"replies":[{"embeddable":true,"href":"https:\/\/archive.sana.sy\/tr\/index.php?rest_route=%2Fwp%2Fv2%2Fcomments&post=66521"}],"version-history":[{"count":0,"href":"https:\/\/archive.sana.sy\/tr\/index.php?rest_route=\/wp\/v2\/posts\/66521\/revisions"}],"wp:featuredmedia":[{"embeddable":true,"href":"https:\/\/archive.sana.sy\/tr\/index.php?rest_route=\/wp\/v2\/media\/66523"}],"wp:attachment":[{"href":"https:\/\/archive.sana.sy\/tr\/index.php?rest_route=%2Fwp%2Fv2%2Fmedia&parent=66521"}],"wp:term":[{"taxonomy":"category","embeddable":true,"href":"https:\/\/archive.sana.sy\/tr\/index.php?rest_route=%2Fwp%2Fv2%2Fcategories&post=66521"},{"taxonomy":"post_tag","embeddable":true,"href":"https:\/\/archive.sana.sy\/tr\/index.php?rest_route=%2Fwp%2Fv2%2Ftags&post=66521"}],"curies":[{"name":"wp","href":"https:\/\/api.w.org\/{rel}","templated":true}]}}