{"id":66528,"date":"2016-03-25T19:16:43","date_gmt":"2016-03-25T16:16:43","guid":{"rendered":"http:\/\/www.sana.sy\/tr\/?p=66528"},"modified":"2016-03-28T10:56:24","modified_gmt":"2016-03-28T07:56:24","slug":"suriyedeki-misyonumuz-terorle-mucadeledir-en-uygun-yontem-budur","status":"publish","type":"post","link":"https:\/\/archive.sana.sy\/tr\/?p=66528","title":{"rendered":"Suriye&#8217;deki Misyonumuz ter\u00f6rle M\u00fccadeledir\u2026 En Uygun Y\u00f6ntem budur"},"content":{"rendered":"<p>MOSKOVA \u2013 Rusya D\u0131\u015fi\u015fleri Bakan\u0131 yard\u0131mc\u0131s\u0131 Sergey Ryabkov Rusya&#8217;n\u0131n Suriye&#8217;de mevcut hava g\u00fc\u00e7lerinin tamam\u0131n\u0131 \u00e7ekme se\u00e7ene\u011finin kesinlikle s\u00f6z konusu olmad\u0131\u011f\u0131n\u0131n vurgularken, I\u015e\u0130D, Nusra Cephesi ve tabanlar\u0131ndan gelme ter\u00f6r \u00f6rg\u00fctlere kar\u015f\u0131 devam eden operasyonlar\u0131n\u0131n me\u015fru oldu\u011funun alt\u0131n\u0131 \u00e7izdi.<\/p>\n<p>Bug\u00fcn Moskova&#8217;da yapt\u0131\u011f\u0131 bas\u0131n a\u00e7\u0131klamalar\u0131nda Ryabkov Rusya&#8217;n\u0131n Suriye&#8217;deki misyonunun ter\u00f6rle m\u00fccadele oldu\u011funu, Nusra Cephesi ve I\u015e\u0130D\u2019in de BMGK\u2019nin karar\u0131yla ter\u00f6r \u00f6rg\u00fctleri olarak belirlenmi\u015f olduklar\u0131na dikkat \u00e7ekti.<\/p>\n<p>Suriyeliler aras\u0131nda Cenevre&#8217;de yap\u0131lan diyalog g\u00f6r\u00fc\u015fmeleri konusunda ise Ryabkov, K\u00fcrtlerin bu g\u00f6r\u00fc\u015fmelere kat\u0131lmamalar\u0131n\u0131n ba\u015far\u0131 \u00f6n\u00fcnde engel olu\u015fturabilece\u011fini belirtti. Ankara\u2019n\u0131n Suriyeli K\u00fcrtlerin diyalog g\u00f6r\u00fc\u015fmelerine kat\u0131lmalar\u0131n\u0131 engelleme \u00e7abalar\u0131n\u0131n devam etme \u015fans\u0131n\u0131n d\u00fc\u015f\u00fck oldu\u011funa i\u015faret eden Ryabkov; ABD\u2019nin Suriyeliler aras\u0131ndaki g\u00f6r\u00fc\u015fmelerin ba\u015far\u0131l\u0131 olmas\u0131 i\u00e7in T\u00fcrkiye ve Suudi Arabistan rejimlerine etkide bulunmas\u0131nda Rusya&#8217;n\u0131n umudunu ifade etti.<\/p>\n<p>Ryabkov ABD D\u0131\u015fi\u015fleri Bakan\u0131 John Kerry\u2019nin Moskova ziyaretinde Suriye&#8217;deki \u00e7at\u0131\u015fmalar\u0131n durdurulmas\u0131 konusunda somut ve \u00f6nemli sonu\u00e7lara yol a\u00e7t\u0131\u011f\u0131na i\u015faret ederken, bu konuda var\u0131lan anla\u015fman\u0131n ayr\u0131nt\u0131lar\u0131na de\u011finmedi.<\/p>\n<p><span style=\"color: #0000ff\">Bogdanov: En Uygun Y\u00f6ntem Bu Olacak<\/span><\/p>\n<p>Di\u011fer yandan Rusya Ba\u015fkan\u0131n\u0131n Ortado\u011fu ve Kuzey Afrika \u00f6zel temsilcisi ve D\u0131\u015fi\u015fleri Bakan\u0131 Yard\u0131mc\u0131s\u0131 Mikhail Bogdanov Rusya&#8217;n\u0131n Suriyeliler aras\u0131ndaki diyalog g\u00f6r\u00fc\u015fmelerinde muhalefet heyetinin birle\u015ftirilmesine \u00e7a\u011f\u0131rd\u0131\u011f\u0131n\u0131 a\u00e7\u0131klad\u0131.<\/p>\n<p>Bogdanov bug\u00fcn yapt\u0131\u011f\u0131 bas\u0131n a\u00e7\u0131klamalar\u0131nda Suriyeliler aras\u0131nda yap\u0131lacak direk diyalog g\u00f6r\u00fc\u015fmelerinde t\u00fcm ak\u0131mlar\u0131 temsil edecek muhalefetin bir heyette birle\u015fmesinin en uygun y\u00f6ntem olaca\u011f\u0131n\u0131 belirtti.<\/p>\n<p>Bogdanov 11 Nisan tarihinde ba\u015flayacak yeni g\u00f6r\u00fc\u015fme turuna t\u00fcm taraflar\u0131n BM belgesine belirli cevaplarla gelmeleri temennisinde bulundu.<\/p>\n","protected":false},"excerpt":{"rendered":"<p>MOSKOVA \u2013 Rusya D\u0131\u015fi\u015fleri Bakan\u0131 yard\u0131mc\u0131s\u0131 Sergey Ryabkov Rusya&#8217;n\u0131n Suriye&#8217;de mevcut hava g\u00fc\u00e7lerinin tamam\u0131n\u0131 \u00e7ekme se\u00e7ene\u011finin kesinlikle s\u00f6z konusu olmad\u0131\u011f\u0131n\u0131n vurgularken, I\u015e\u0130D, Nusra Cephesi ve tabanlar\u0131ndan gelme ter\u00f6r \u00f6rg\u00fctlere kar\u015f\u0131 devam eden operasyonlar\u0131n\u0131n me\u015fru oldu\u011funun alt\u0131n\u0131 \u00e7izdi. Bug\u00fcn Moskova&#8217;da yapt\u0131\u011f\u0131 bas\u0131n a\u00e7\u0131klamalar\u0131nda Ryabkov Rusya&#8217;n\u0131n Suriye&#8217;deki misyonunun ter\u00f6rle m\u00fccadele oldu\u011funu, Nusra Cephesi ve I\u015e\u0130D\u2019in de BMGK\u2019nin &hellip;<\/p>\n","protected":false},"author":1,"featured_media":4119,"comment_status":"closed","ping_status":"closed","sticky":false,"template":"","format":"standard","meta":{"footnotes":""},"categories":[458,459,17988],"tags":[20073,20072,20071],"class_list":["post-66528","post","type-post","status-publish","format-standard","has-post-thumbnail","","category-dunya1","category-haberler-arap-uluslararasi-politika","category-son-haberler","tag-ankaranin-suriyeli-kurtlerin-diyalog-gorusmelerine-katilmalarini-engelleme-cabalari","tag-bogdanov-en-uygun-yontem-bu-olacak","tag-suriyedeki-misyonumuz-terorle-mucadeledir-en-uygun-yontem-budur"],"_links":{"self":[{"href":"https:\/\/archive.sana.sy\/tr\/index.php?rest_route=\/wp\/v2\/posts\/66528","targetHints":{"allow":["GET"]}}],"collection":[{"href":"https:\/\/archive.sana.sy\/tr\/index.php?rest_route=\/wp\/v2\/posts"}],"about":[{"href":"https:\/\/archive.sana.sy\/tr\/index.php?rest_route=\/wp\/v2\/types\/post"}],"author":[{"embeddable":true,"href":"https:\/\/archive.sana.sy\/tr\/index.php?rest_route=\/wp\/v2\/users\/1"}],"replies":[{"embeddable":true,"href":"https:\/\/archive.sana.sy\/tr\/index.php?rest_route=%2Fwp%2Fv2%2Fcomments&post=66528"}],"version-history":[{"count":0,"href":"https:\/\/archive.sana.sy\/tr\/index.php?rest_route=\/wp\/v2\/posts\/66528\/revisions"}],"wp:featuredmedia":[{"embeddable":true,"href":"https:\/\/archive.sana.sy\/tr\/index.php?rest_route=\/wp\/v2\/media\/4119"}],"wp:attachment":[{"href":"https:\/\/archive.sana.sy\/tr\/index.php?rest_route=%2Fwp%2Fv2%2Fmedia&parent=66528"}],"wp:term":[{"taxonomy":"category","embeddable":true,"href":"https:\/\/archive.sana.sy\/tr\/index.php?rest_route=%2Fwp%2Fv2%2Fcategories&post=66528"},{"taxonomy":"post_tag","embeddable":true,"href":"https:\/\/archive.sana.sy\/tr\/index.php?rest_route=%2Fwp%2Fv2%2Ftags&post=66528"}],"curies":[{"name":"wp","href":"https:\/\/api.w.org\/{rel}","templated":true}]}}