{"id":66531,"date":"2016-03-26T16:25:06","date_gmt":"2016-03-26T13:25:06","guid":{"rendered":"http:\/\/www.sana.sy\/tr\/?p=66531"},"modified":"2016-03-27T13:38:38","modified_gmt":"2016-03-27T10:38:38","slug":"tekfirci-ve-kiraliklar-agir-kayiplarla-kacisiyor","status":"publish","type":"post","link":"https:\/\/archive.sana.sy\/tr\/?p=66531","title":{"rendered":"Tekfirci ve Kiral\u0131klar A\u011f\u0131r Kay\u0131plarla Ka\u00e7\u0131\u015f\u0131yor(video)"},"content":{"rendered":"<p>HOMS \u2013 Tekfirci ve kiral\u0131k ter\u00f6ristlere kar\u015f\u0131 amans\u0131z operasyonlar\u0131n\u0131 s\u00fcrd\u00fcren ordu birliklerimiz bu \u00e7eteleri say\u0131 ve ekipmanlar\u0131yla a\u011f\u0131r kay\u0131plara u\u011fratmaya devam ediyor.<\/p>\n<p>Homs k\u0131rsal\u0131n\u0131n do\u011fusu Tedmur B\u00f6lgesinde askeri bir kaynak SANA\u2019ya a\u00e7\u0131klamas\u0131nda; ordu birliklerimizin Tedmur Kentini I\u015e\u0130D \u00e7etelerinden temizleme ve halk\u0131n\u0131n g\u00fcvenli\u011fini sa\u011flama amac\u0131yla sabah saatlerinde kent kenarlar\u0131nda t\u00fcm eksenlerde \u015fiddetli \u00e7at\u0131\u015fmalar\u0131n\u0131 s\u00fcrd\u00fcrd\u00fcklerini belirtti. Ordu birliklerimizin sabah\u0131n erken saatlerinde g\u00fcney bostanlar\u0131 y\u00f6n\u00fcnde nitelikli ve yo\u011fun operasyonlarda bulunduklar\u0131n\u0131 ifade eden kaynak; aralar\u0131nda tehlikeli isimlerin bulundu\u011fu y\u00fcksek say\u0131da tekfirciyi etkisiz hale getirmeleri ard\u0131ndan kent y\u00f6n\u00fcnde gayet \u00f6nemli ilerlemeler kaydettiklerini ifade etti.<\/p>\n<p>Kaynak kentin kuzeyi Amiriye Semtinde ordu birliklerimiz ile I\u015e\u0130D \u00e7eteleri aras\u0131nda \u015fiddetli \u00e7at\u0131\u015fmalar ya\u015fand\u0131\u011f\u0131n\u0131 aktar\u0131rken, \u00e7at\u0131\u015fmalar sonucunda kuzey semtinin b\u00fcy\u00fck b\u00f6l\u00fcm\u00fcn\u00fcn kontrole al\u0131nd\u0131\u011f\u0131n\u0131 s\u00f6yledi.<\/p>\n<p>Kentin kuzey giri\u015fi ve I\u015e\u0130D\u2019in son savunma mevkii say\u0131lan Amiriye Semtinde I\u015e\u0130D \u00e7eteleri, ordu birliklerimizin ilerlemelerini engelleme amac\u0131yla semtte olduk\u00e7a y\u00fcksek say\u0131da bubi tuzaklar\u0131 yerle\u015ftirdi.<\/p>\n<p>Di\u011fer yandan askeri kaynak ordu birliklerimizin Tedmur Kentinin do\u011fusuna d\u00fc\u015fen k\u00fc\u00e7\u00fck askeri havaalan\u0131 ve civar\u0131nda I\u015e\u0130D\u2019li \u00e7etelerle olduk\u00e7a \u015fiddetli \u00e7at\u0131\u015fmalara girdiklerini s\u00f6yledi.<\/p>\n<p>https:\/\/www.youtube.com\/watch?v=pHMxrhRd1QY<\/p>\n<p>Homs k\u0131rsal\u0131n\u0131n do\u011fusu Tedmur B\u00f6lgesinde Antik Palmira Kalesinde saha kaynaklar\u0131 \u00f6\u011flen saatlerinde SANA\u2019ya a\u00e7\u0131klamas\u0131nda; ordu birliklerimizin Halk Savunma G\u00fc\u00e7leriyle i\u015fbirli\u011fi i\u00e7inde Tedmur Kentinin Bat\u0131 Semtinde I\u015e\u0130D tekfircilerini a\u011f\u0131r kay\u0131plara u\u011fratmalar\u0131 ard\u0131ndan \u00f6nemli ilerlemeler kaydettiklerini belirtti.<\/p>\n<p>G\u00fcn\u00fcn ilerleyen saatlerinde Homs k\u0131rsal\u0131n\u0131n do\u011fusu Tedmur Kenti kenarlar\u0131nda bulunan SANA muhabiri ordu birliklerimizin Halk Savunma G\u00fc\u00e7leriyle i\u015fbirli\u011fi i\u00e7inde Tedmur Kentinin Amiriye, Emekliler ve Bat\u0131 Cemiyetler semtlerini kontrollerine ge\u00e7irdiklerini belirtirken Bat\u0131 ve Kuzey semtlerinde I\u015e\u0130D tekfircileriyle \u015fiddetli \u00e7at\u0131\u015fmalara girdiklerini aktard\u0131.<\/p>\n<p>Ordu birliklerimiz son iki g\u00fcn i\u00e7inde Antik Palmira Kalesi, Mezarl\u0131k Vadisi, Kusur ve Tar da\u011flar\u0131n\u0131n yan\u0131 s\u0131ra Tedmur Kenti civar\u0131ndaki t\u00fcm tepeler ve Katar Saray\u0131n\u0131 I\u015e\u0130D tekfircilerinden temizleyip kontrollerine ge\u00e7irmi\u015flerdi.<\/p>\n<p>https:\/\/www.youtube.com\/watch?v=bcoxYF-C3YA<\/p>\n<p>R.H.<\/p>\n","protected":false},"excerpt":{"rendered":"<p>HOMS \u2013 Tekfirci ve kiral\u0131k ter\u00f6ristlere kar\u015f\u0131 amans\u0131z operasyonlar\u0131n\u0131 s\u00fcrd\u00fcren ordu birliklerimiz bu \u00e7eteleri say\u0131 ve ekipmanlar\u0131yla a\u011f\u0131r kay\u0131plara u\u011fratmaya devam ediyor. Homs k\u0131rsal\u0131n\u0131n do\u011fusu Tedmur B\u00f6lgesinde askeri bir kaynak SANA\u2019ya a\u00e7\u0131klamas\u0131nda; ordu birliklerimizin Tedmur Kentini I\u015e\u0130D \u00e7etelerinden temizleme ve halk\u0131n\u0131n g\u00fcvenli\u011fini sa\u011flama amac\u0131yla sabah saatlerinde kent kenarlar\u0131nda t\u00fcm eksenlerde \u015fiddetli \u00e7at\u0131\u015fmalar\u0131n\u0131 s\u00fcrd\u00fcrd\u00fcklerini belirtti. Ordu &hellip;<\/p>\n","protected":false},"author":1,"featured_media":66536,"comment_status":"closed","ping_status":"closed","sticky":false,"template":"","format":"standard","meta":{"footnotes":""},"categories":[575],"tags":[],"class_list":["post-66531","post","type-post","status-publish","format-standard","has-post-thumbnail","","category-olaylar-ve-gercekler"],"_links":{"self":[{"href":"https:\/\/archive.sana.sy\/tr\/index.php?rest_route=\/wp\/v2\/posts\/66531","targetHints":{"allow":["GET"]}}],"collection":[{"href":"https:\/\/archive.sana.sy\/tr\/index.php?rest_route=\/wp\/v2\/posts"}],"about":[{"href":"https:\/\/archive.sana.sy\/tr\/index.php?rest_route=\/wp\/v2\/types\/post"}],"author":[{"embeddable":true,"href":"https:\/\/archive.sana.sy\/tr\/index.php?rest_route=\/wp\/v2\/users\/1"}],"replies":[{"embeddable":true,"href":"https:\/\/archive.sana.sy\/tr\/index.php?rest_route=%2Fwp%2Fv2%2Fcomments&post=66531"}],"version-history":[{"count":0,"href":"https:\/\/archive.sana.sy\/tr\/index.php?rest_route=\/wp\/v2\/posts\/66531\/revisions"}],"wp:featuredmedia":[{"embeddable":true,"href":"https:\/\/archive.sana.sy\/tr\/index.php?rest_route=\/wp\/v2\/media\/66536"}],"wp:attachment":[{"href":"https:\/\/archive.sana.sy\/tr\/index.php?rest_route=%2Fwp%2Fv2%2Fmedia&parent=66531"}],"wp:term":[{"taxonomy":"category","embeddable":true,"href":"https:\/\/archive.sana.sy\/tr\/index.php?rest_route=%2Fwp%2Fv2%2Fcategories&post=66531"},{"taxonomy":"post_tag","embeddable":true,"href":"https:\/\/archive.sana.sy\/tr\/index.php?rest_route=%2Fwp%2Fv2%2Ftags&post=66531"}],"curies":[{"name":"wp","href":"https:\/\/api.w.org\/{rel}","templated":true}]}}