{"id":66532,"date":"2016-03-25T23:34:25","date_gmt":"2016-03-25T20:34:25","guid":{"rendered":"http:\/\/www.sana.sy\/tr\/?p=66532"},"modified":"2016-03-26T11:49:51","modified_gmt":"2016-03-26T08:49:51","slug":"halepteki-saldirilarinda-5-sehit-22-yarali","status":"publish","type":"post","link":"https:\/\/archive.sana.sy\/tr\/?p=66532","title":{"rendered":"Halep\u2019teki Sald\u0131r\u0131lar\u0131nda 5 \u015eehit, 22 Yaral\u0131"},"content":{"rendered":"<p>HALEP \u2013 T\u00fcrkiye ve Suudi Arabistan rejimlerine ba\u011fl\u0131 ter\u00f6ristlerin \u00e7at\u0131\u015fmalar\u0131 durdurma anla\u015fmas\u0131na yeni bir ihlalle Halep Kentinin sivil yerle\u015fim alanlar\u0131na f\u00fcze ve roketlerle geli\u015fig\u00fczel sald\u0131rmalar\u0131 sonucunda 5 vatanda\u015f \u015fehit, 22 vatanda\u015f da yaral\u0131 d\u00fc\u015ft\u00fc.<\/p>\n<p>Halep\u2019te yerel kaynaklar SANA\u2019ya a\u00e7\u0131klamalar\u0131nda Erdo\u011fan ve Al Suud rejimlerinin destekledikleri ter\u00f6ristlerin sivil yerle\u015fim alanlar\u0131ndan \u015eeyh Maksud Semtini bir dizi f\u00fczeyle hedef almalar\u0131 sonucunda 4 vatanda\u015f\u0131n \u015fehit, 20 vatanda\u015f\u0131n da yaral\u0131 d\u00fc\u015ft\u00fcklerini s\u00f6yledi.<\/p>\n<p>Halep Emniyet M\u00fcd\u00fcrl\u00fc\u011f\u00fcnde bir kaynak ise Selahattin Semtinde siperlenen ter\u00f6ristlerin Hamadaniye Semtini yine f\u00fczelerle hedef ald\u0131klar\u0131n\u0131 aktar\u0131rken, burada da 1 vatanda\u015f\u0131n \u015fehit, 2 vatanda\u015f\u0131n yaral\u0131 d\u00fc\u015ft\u00fcklerini belirtti.<\/p>\n<p>T\u00fcrkiye ve Suudi Arabistan rejimlerine tabi ter\u00f6ristlerin 27 \u015eubat\u2019ta y\u00fcr\u00fcrl\u00fc\u011f\u00fc girmesinden beri \u00e7at\u0131\u015fmalar\u0131 durdurma anla\u015fmas\u0131na bulunduklar\u0131 ihlallerde \u015fu ana dek aralar\u0131nda \u00e7ocuk ve kad\u0131nlar\u0131n bulundu\u011fu 76 vatanda\u015f \u015fehit, 99 vatanda\u015f da yaral\u0131 d\u00fc\u015ft\u00fc.<\/p>\n","protected":false},"excerpt":{"rendered":"<p>HALEP \u2013 T\u00fcrkiye ve Suudi Arabistan rejimlerine ba\u011fl\u0131 ter\u00f6ristlerin \u00e7at\u0131\u015fmalar\u0131 durdurma anla\u015fmas\u0131na yeni bir ihlalle Halep Kentinin sivil yerle\u015fim alanlar\u0131na f\u00fcze ve roketlerle geli\u015fig\u00fczel sald\u0131rmalar\u0131 sonucunda 5 vatanda\u015f \u015fehit, 22 vatanda\u015f da yaral\u0131 d\u00fc\u015ft\u00fc. Halep\u2019te yerel kaynaklar SANA\u2019ya a\u00e7\u0131klamalar\u0131nda Erdo\u011fan ve Al Suud rejimlerinin destekledikleri ter\u00f6ristlerin sivil yerle\u015fim alanlar\u0131ndan \u015eeyh Maksud Semtini bir dizi f\u00fczeyle &hellip;<\/p>\n","protected":false},"author":1,"featured_media":66533,"comment_status":"closed","ping_status":"closed","sticky":false,"template":"","format":"standard","meta":{"footnotes":""},"categories":[575,17988],"tags":[20075,18237,20074,15945,20076,18674,19034],"class_list":["post-66532","post","type-post","status-publish","format-standard","has-post-thumbnail","","category-olaylar-ve-gercekler","category-son-haberler","tag-22-yarali","tag-cihatcilar","tag-halepteki-saldirilarinda-5-sehit","tag-ilimli-muhalifler","tag-mucahitler","tag-silahli-muhalifler","tag-suriyeli-muhalifler"],"_links":{"self":[{"href":"https:\/\/archive.sana.sy\/tr\/index.php?rest_route=\/wp\/v2\/posts\/66532","targetHints":{"allow":["GET"]}}],"collection":[{"href":"https:\/\/archive.sana.sy\/tr\/index.php?rest_route=\/wp\/v2\/posts"}],"about":[{"href":"https:\/\/archive.sana.sy\/tr\/index.php?rest_route=\/wp\/v2\/types\/post"}],"author":[{"embeddable":true,"href":"https:\/\/archive.sana.sy\/tr\/index.php?rest_route=\/wp\/v2\/users\/1"}],"replies":[{"embeddable":true,"href":"https:\/\/archive.sana.sy\/tr\/index.php?rest_route=%2Fwp%2Fv2%2Fcomments&post=66532"}],"version-history":[{"count":0,"href":"https:\/\/archive.sana.sy\/tr\/index.php?rest_route=\/wp\/v2\/posts\/66532\/revisions"}],"wp:featuredmedia":[{"embeddable":true,"href":"https:\/\/archive.sana.sy\/tr\/index.php?rest_route=\/wp\/v2\/media\/66533"}],"wp:attachment":[{"href":"https:\/\/archive.sana.sy\/tr\/index.php?rest_route=%2Fwp%2Fv2%2Fmedia&parent=66532"}],"wp:term":[{"taxonomy":"category","embeddable":true,"href":"https:\/\/archive.sana.sy\/tr\/index.php?rest_route=%2Fwp%2Fv2%2Fcategories&post=66532"},{"taxonomy":"post_tag","embeddable":true,"href":"https:\/\/archive.sana.sy\/tr\/index.php?rest_route=%2Fwp%2Fv2%2Ftags&post=66532"}],"curies":[{"name":"wp","href":"https:\/\/api.w.org\/{rel}","templated":true}]}}