{"id":66548,"date":"2016-03-26T12:57:04","date_gmt":"2016-03-26T09:57:04","guid":{"rendered":"http:\/\/www.sana.sy\/tr\/?p=66548"},"modified":"2016-03-28T10:56:05","modified_gmt":"2016-03-28T07:56:05","slug":"halk-kendi-gelecegini-belirleme-gucune-sahip-oldugunu-kanitlayacaktir","status":"publish","type":"post","link":"https:\/\/archive.sana.sy\/tr\/?p=66548","title":{"rendered":"Halk Kendi Gelece\u011fini Belirleme G\u00fcc\u00fcne Sahip Oldu\u011funu Kan\u0131tlayacakt\u0131r"},"content":{"rendered":"<p>S\u00dcVEYDA \u2013 Anayasa ve d\u00fczenlemeleri \u00e7er\u00e7evesinde 13 Nisan tarihinde yap\u0131lmas\u0131 beklenen parlamento se\u00e7imlerine yo\u011fun haz\u0131rl\u0131klar devam ederken S\u00fcveyda \u0130linde gazeteciler; se\u00e7imlere kat\u0131l\u0131m\u0131n Suriye halk\u0131n\u0131n m\u00fccadelesi ve be\u015f y\u0131ld\u0131r d\u0131\u015f planlar ve ter\u00f6re kar\u015f\u0131 sava\u015f azimlerine sayg\u0131 kapsam\u0131nda yo\u011fun olmas\u0131 gere\u011fini ifade etti.<\/p>\n<p>SANA\u2019n\u0131n S\u00fcveyda\u2019da bulundu\u011fu kamuoyu ara\u015ft\u0131rmas\u0131nda gazeteciler; se\u00e7im hakk\u0131n\u0131n her vatanda\u015f\u0131n g\u00f6revi oldu\u011funu ifade ederken, milletvekili adaylar\u0131n\u0131n her kesimden ve her bile\u015fenden olu\u015ftu\u011funa dikkat \u00e7ekti. Gazeteciler vatanda\u015f\u0131n kendisini temsil edebilece\u011fini d\u00fc\u015f\u00fcnd\u00fc\u011f\u00fc aday\u0131 se\u00e7me olana\u011f\u0131yla oy hakk\u0131n\u0131 kullanmas\u0131n\u0131n kanuni ve vatani bir g\u00f6rev oldu\u011funu s\u00f6yledi.<\/p>\n<p>Mevcut ko\u015fullar i\u00e7inde parlamento se\u00e7imlerinin farkl\u0131 bir anlam ve boyut ta\u015f\u0131d\u0131\u011f\u0131na dikkat \u00e7eken gazeteciler; Suriye halk\u0131n\u0131n kendi gelece\u011fini kendi elerliyle belirleme ve Suriye&#8217;yi yeniden yap\u0131land\u0131rma g\u00fcc\u00fcne sahip oldu\u011funu bu se\u00e7imlerle kan\u0131tlayaca\u011f\u0131n\u0131 vurgulad\u0131.<\/p>\n","protected":false},"excerpt":{"rendered":"<p>S\u00dcVEYDA \u2013 Anayasa ve d\u00fczenlemeleri \u00e7er\u00e7evesinde 13 Nisan tarihinde yap\u0131lmas\u0131 beklenen parlamento se\u00e7imlerine yo\u011fun haz\u0131rl\u0131klar devam ederken S\u00fcveyda \u0130linde gazeteciler; se\u00e7imlere kat\u0131l\u0131m\u0131n Suriye halk\u0131n\u0131n m\u00fccadelesi ve be\u015f y\u0131ld\u0131r d\u0131\u015f planlar ve ter\u00f6re kar\u015f\u0131 sava\u015f azimlerine sayg\u0131 kapsam\u0131nda yo\u011fun olmas\u0131 gere\u011fini ifade etti. SANA\u2019n\u0131n S\u00fcveyda\u2019da bulundu\u011fu kamuoyu ara\u015ft\u0131rmas\u0131nda gazeteciler; se\u00e7im hakk\u0131n\u0131n her vatanda\u015f\u0131n g\u00f6revi oldu\u011funu ifade &hellip;<\/p>\n","protected":false},"author":1,"featured_media":66549,"comment_status":"closed","ping_status":"closed","sticky":false,"template":"","format":"standard","meta":{"footnotes":""},"categories":[479,17988,478],"tags":[20078,19547,19949,19548,13043,19834],"class_list":["post-66548","post","type-post","status-publish","format-standard","has-post-thumbnail","","category-haberler-yerel","category-son-haberler","category-yerel","tag-gazeteciler","tag-halk-meclisi-secimleri","tag-milletvekili-secimleri","tag-parlamento-secimleri","tag-suriye-halki","tag-yasama-secimleri"],"_links":{"self":[{"href":"https:\/\/archive.sana.sy\/tr\/index.php?rest_route=\/wp\/v2\/posts\/66548","targetHints":{"allow":["GET"]}}],"collection":[{"href":"https:\/\/archive.sana.sy\/tr\/index.php?rest_route=\/wp\/v2\/posts"}],"about":[{"href":"https:\/\/archive.sana.sy\/tr\/index.php?rest_route=\/wp\/v2\/types\/post"}],"author":[{"embeddable":true,"href":"https:\/\/archive.sana.sy\/tr\/index.php?rest_route=\/wp\/v2\/users\/1"}],"replies":[{"embeddable":true,"href":"https:\/\/archive.sana.sy\/tr\/index.php?rest_route=%2Fwp%2Fv2%2Fcomments&post=66548"}],"version-history":[{"count":0,"href":"https:\/\/archive.sana.sy\/tr\/index.php?rest_route=\/wp\/v2\/posts\/66548\/revisions"}],"wp:featuredmedia":[{"embeddable":true,"href":"https:\/\/archive.sana.sy\/tr\/index.php?rest_route=\/wp\/v2\/media\/66549"}],"wp:attachment":[{"href":"https:\/\/archive.sana.sy\/tr\/index.php?rest_route=%2Fwp%2Fv2%2Fmedia&parent=66548"}],"wp:term":[{"taxonomy":"category","embeddable":true,"href":"https:\/\/archive.sana.sy\/tr\/index.php?rest_route=%2Fwp%2Fv2%2Fcategories&post=66548"},{"taxonomy":"post_tag","embeddable":true,"href":"https:\/\/archive.sana.sy\/tr\/index.php?rest_route=%2Fwp%2Fv2%2Ftags&post=66548"}],"curies":[{"name":"wp","href":"https:\/\/api.w.org\/{rel}","templated":true}]}}