{"id":6655,"date":"2014-08-06T19:35:15","date_gmt":"2014-08-06T16:35:15","guid":{"rendered":"http:\/\/www.sana.sy\/tr\/?p=6655"},"modified":"2014-08-06T19:35:15","modified_gmt":"2014-08-06T16:35:15","slug":"sam-kirsali-han-el-sih-bolgesinde-ordu-birliklerimiz-teror-ceteleri-ve-yuvalarina-yonelik-operasyonlarini-surdururken-cok-sayida-teroristi-suc-edatlariyla-birlikte-etkisiz-hale-getirdi","status":"publish","type":"post","link":"https:\/\/archive.sana.sy\/tr\/?p=6655","title":{"rendered":"\u015eam k\u0131rsal\u0131 Han el \u015eih B\u00f6lgesinde ordu birliklerimiz ter\u00f6r \u00e7eteleri ve yuvalar\u0131na y\u00f6nelik operasyonlar\u0131n\u0131 s\u00fcrd\u00fcr\u00fcrken \u00e7ok say\u0131da ter\u00f6risti su\u00e7 edatlar\u0131yla birlikte etkisiz hale getirdi."},"content":{"rendered":"<p>\u015eam k\u0131rsal\u0131 Han el \u015eih B\u00f6lgesinde ordu birliklerimiz ter\u00f6r \u00e7eteleri ve yuvalar\u0131na y\u00f6nelik operasyonlar\u0131n\u0131 s\u00fcrd\u00fcr\u00fcrken \u00e7ok say\u0131da ter\u00f6risti su\u00e7 edatlar\u0131yla birlikte etkisiz hale getirdi.<\/p>\n","protected":false},"excerpt":{"rendered":"<p>\u015eam k\u0131rsal\u0131 Han el \u015eih B\u00f6lgesinde ordu birliklerimiz ter\u00f6r \u00e7eteleri ve yuvalar\u0131na y\u00f6nelik operasyonlar\u0131n\u0131 s\u00fcrd\u00fcr\u00fcrken \u00e7ok say\u0131da ter\u00f6risti su\u00e7 edatlar\u0131yla birlikte etkisiz hale getirdi.<\/p>\n","protected":false},"author":1,"featured_media":0,"comment_status":"closed","ping_status":"closed","sticky":false,"template":"","format":"standard","meta":{"footnotes":""},"categories":[575],"tags":[1490],"class_list":["post-6655","post","type-post","status-publish","format-standard","","category-olaylar-ve-gercekler","tag-sam-kirsali-han-el-sih-bolgesinde-ordu-birliklerimiz-teror-ceteleri-ve-yuvalarina-yonelik-operasyonlarini-surdururken-cok-sayida-teroristi-suc-edatlariyla-birlikte-etkisiz-hale-getirdi"],"_links":{"self":[{"href":"https:\/\/archive.sana.sy\/tr\/index.php?rest_route=\/wp\/v2\/posts\/6655","targetHints":{"allow":["GET"]}}],"collection":[{"href":"https:\/\/archive.sana.sy\/tr\/index.php?rest_route=\/wp\/v2\/posts"}],"about":[{"href":"https:\/\/archive.sana.sy\/tr\/index.php?rest_route=\/wp\/v2\/types\/post"}],"author":[{"embeddable":true,"href":"https:\/\/archive.sana.sy\/tr\/index.php?rest_route=\/wp\/v2\/users\/1"}],"replies":[{"embeddable":true,"href":"https:\/\/archive.sana.sy\/tr\/index.php?rest_route=%2Fwp%2Fv2%2Fcomments&post=6655"}],"version-history":[{"count":0,"href":"https:\/\/archive.sana.sy\/tr\/index.php?rest_route=\/wp\/v2\/posts\/6655\/revisions"}],"wp:attachment":[{"href":"https:\/\/archive.sana.sy\/tr\/index.php?rest_route=%2Fwp%2Fv2%2Fmedia&parent=6655"}],"wp:term":[{"taxonomy":"category","embeddable":true,"href":"https:\/\/archive.sana.sy\/tr\/index.php?rest_route=%2Fwp%2Fv2%2Fcategories&post=6655"},{"taxonomy":"post_tag","embeddable":true,"href":"https:\/\/archive.sana.sy\/tr\/index.php?rest_route=%2Fwp%2Fv2%2Ftags&post=6655"}],"curies":[{"name":"wp","href":"https:\/\/api.w.org\/{rel}","templated":true}]}}