{"id":6658,"date":"2014-08-06T19:45:34","date_gmt":"2014-08-06T16:45:34","guid":{"rendered":"http:\/\/www.sana.sy\/tr\/?p=6658"},"modified":"2014-08-06T19:45:34","modified_gmt":"2014-08-06T16:45:34","slug":"kamisli-ahalisinden-orduya-destek-gosterisi","status":"publish","type":"post","link":"https:\/\/archive.sana.sy\/tr\/?p=6658","title":{"rendered":"Kam\u0131\u015fl\u0131 Ahalisinden Orduya Destek G\u00f6sterisi"},"content":{"rendered":"<p>HASEKE \u2013 Haseke iline tabi Kam\u0131\u015fl\u0131 Kenti ahalisi, kentin Sebii Bahrat Meydan\u0131nda d\u00fczenledikleri g\u00f6steride Suriye Arap Ordusu ile dayan\u0131\u015fmalar\u0131n\u0131 ifade ederken, ter\u00f6r \u00e7etelerinin Haseke ilinde bulunduklar\u0131 eylemleri \u015fiddetle k\u0131nad\u0131lar.<\/p>\n<p>G\u00f6steriye a\u015firet ve kabile reislerinin yan\u0131 s\u0131ra sosyal, ekonomik ve sivil halk faaliyet temsilcileri kat\u0131l\u0131rken, kat\u0131l\u0131mc\u0131lar ellerinde Suriye&#8217;nin \u015fanl\u0131 bayra\u011f\u0131 ve cumhurba\u015fkan\u0131 Be\u015f\u015far el Esad\u2019\u0131n foto\u011fraflar\u0131yla birlikte ulusalc\u0131 pankartlar ta\u015f\u0131d\u0131.<\/p>\n","protected":false},"excerpt":{"rendered":"<p>HASEKE \u2013 Haseke iline tabi Kam\u0131\u015fl\u0131 Kenti ahalisi, kentin Sebii Bahrat Meydan\u0131nda d\u00fczenledikleri g\u00f6steride Suriye Arap Ordusu ile dayan\u0131\u015fmalar\u0131n\u0131 ifade ederken, ter\u00f6r \u00e7etelerinin Haseke ilinde bulunduklar\u0131 eylemleri \u015fiddetle k\u0131nad\u0131lar. G\u00f6steriye a\u015firet ve kabile reislerinin yan\u0131 s\u0131ra sosyal, ekonomik ve sivil halk faaliyet temsilcileri kat\u0131l\u0131rken, kat\u0131l\u0131mc\u0131lar ellerinde Suriye&#8217;nin \u015fanl\u0131 bayra\u011f\u0131 ve cumhurba\u015fkan\u0131 Be\u015f\u015far el Esad\u2019\u0131n foto\u011fraflar\u0131yla &hellip;<\/p>\n","protected":false},"author":1,"featured_media":6659,"comment_status":"closed","ping_status":"closed","sticky":false,"template":"","format":"standard","meta":{"footnotes":""},"categories":[479,447,478],"tags":[1491],"class_list":["post-6658","post","type-post","status-publish","format-standard","has-post-thumbnail","","category-haberler-yerel","category-politika","category-yerel","tag-kamisli-ahalisinden-orduya-destek-gosterisi"],"_links":{"self":[{"href":"https:\/\/archive.sana.sy\/tr\/index.php?rest_route=\/wp\/v2\/posts\/6658","targetHints":{"allow":["GET"]}}],"collection":[{"href":"https:\/\/archive.sana.sy\/tr\/index.php?rest_route=\/wp\/v2\/posts"}],"about":[{"href":"https:\/\/archive.sana.sy\/tr\/index.php?rest_route=\/wp\/v2\/types\/post"}],"author":[{"embeddable":true,"href":"https:\/\/archive.sana.sy\/tr\/index.php?rest_route=\/wp\/v2\/users\/1"}],"replies":[{"embeddable":true,"href":"https:\/\/archive.sana.sy\/tr\/index.php?rest_route=%2Fwp%2Fv2%2Fcomments&post=6658"}],"version-history":[{"count":0,"href":"https:\/\/archive.sana.sy\/tr\/index.php?rest_route=\/wp\/v2\/posts\/6658\/revisions"}],"wp:featuredmedia":[{"embeddable":true,"href":"https:\/\/archive.sana.sy\/tr\/index.php?rest_route=\/wp\/v2\/media\/6659"}],"wp:attachment":[{"href":"https:\/\/archive.sana.sy\/tr\/index.php?rest_route=%2Fwp%2Fv2%2Fmedia&parent=6658"}],"wp:term":[{"taxonomy":"category","embeddable":true,"href":"https:\/\/archive.sana.sy\/tr\/index.php?rest_route=%2Fwp%2Fv2%2Fcategories&post=6658"},{"taxonomy":"post_tag","embeddable":true,"href":"https:\/\/archive.sana.sy\/tr\/index.php?rest_route=%2Fwp%2Fv2%2Ftags&post=6658"}],"curies":[{"name":"wp","href":"https:\/\/api.w.org\/{rel}","templated":true}]}}