{"id":66597,"date":"2016-03-27T15:02:32","date_gmt":"2016-03-27T12:02:32","guid":{"rendered":"http:\/\/www.sana.sy\/tr\/?p=66597"},"modified":"2016-03-28T10:54:34","modified_gmt":"2016-03-28T07:54:34","slug":"askeri-stratejik-bir-zafer-teskil-ediyor","status":"publish","type":"post","link":"https:\/\/archive.sana.sy\/tr\/?p=66597","title":{"rendered":"Stratejik Bir Zafer Te\u015fkil Ediyor (video)"},"content":{"rendered":"<p>\u015eAM \u2013 Ordu ve Silahl\u0131 Kuvvetler Genel Komutanl\u0131\u011f\u0131 bug\u00fcn yay\u0131nlad\u0131\u011f\u0131 b\u00fcltende, Tedmur kenti ve Antik Palmira Kentinin ter\u00f6rden temizlenip kontrole al\u0131nmalar\u0131n\u0131n Suriye ordusunun ter\u00f6re kar\u015f\u0131 m\u00fccadelede etkin olan ve ter\u00f6r\u00fc bertaraf etme g\u00fcc\u00fcne sahip olan yegane g\u00fc\u00e7 oldu\u011funu kan\u0131tlad\u0131\u011f\u0131n\u0131 belirtti.<\/p>\n<p>SANA\u2019n\u0131n bir n\u00fcshas\u0131n\u0131 ald\u0131\u011f\u0131 b\u00fclteninde Genel Komutanl\u0131k; Homs k\u0131rsal\u0131n\u0131n do\u011fu k\u0131rsal\u0131nda g\u00f6rev yapan ordu birliklerimizin Halk Savunma G\u00fc\u00e7lerinin i\u015fbirli\u011finin yan\u0131 s\u0131ra Suriye ve Rus hava g\u00fc\u00e7lerinin deste\u011fi ile y\u00fczlerce ter\u00f6risti etkisiz hale getirmeleri ard\u0131ndan Palmira ve Tedmur kentlerini I\u015e\u0130D\u2019ten temizlediklerini, g\u00fcvenlik ve kontrol\u00fc de ellerine ge\u00e7irdiklerini belirtti.<\/p>\n<p>Genel Komutanl\u0131k Tedmur\u2019un sahip oldu\u011fu stratejik \u00f6neme dikkat \u00e7ekerken, Orta, Kuzey, Do\u011fu ve G\u00fcney b\u00f6lgeleri aras\u0131nda merkezi ba\u011flant\u0131 noktas\u0131 say\u0131ld\u0131\u011f\u0131na vurgu yapt\u0131. B\u00fcltende Palmira B\u00f6lgesinin binlerce y\u0131la sahip as\u0131l tarihiyle k\u00fclt\u00fcr, medeniyet ve turizm a\u00e7\u0131s\u0131ndan ta\u015f\u0131d\u0131\u011f\u0131 \u00f6neme \u0131\u015f\u0131k tutuldu.<\/p>\n<p>B\u00f6lgenin ordu kontrol\u00fcne ge\u00e7mesinin askeri ve psikolojik a\u00e7\u0131dan I\u015e\u0130D \u00d6rg\u00fct\u00fcne kar\u015f\u0131 b\u00fcy\u00fck bir yenilgi te\u015fkil etti\u011fini vurgulayan genel komutanl\u0131k; bu zaferin ter\u00f6re a\u011f\u0131r bir darbe te\u015fkil etti\u011fi gibi, Suriye ordusunun da ter\u00f6re kar\u015f\u0131 m\u00fccadelede en etkin g\u00fc\u00e7 oldu\u011funu kan\u0131tlad\u0131\u011f\u0131n\u0131n alt\u0131n\u0131 \u00e7izdi.<\/p>\n<p>Genel komutanl\u0131k b\u00fclteninde ayr\u0131ca Tedmur ve Palmira\u2019n\u0131n ter\u00f6rden temizlenmesiyle ba\u015fta Rakka ve Deyrezzor olmak \u00fczere bir dizi eksende ordu birliklerimizin ter\u00f6re kar\u015f\u0131 sava\u015f\u0131nda \u00f6nemli ve stratejik bir hareket noktas\u0131 te\u015fkil edece\u011fine de dikkat \u00e7ekti.<\/p>\n<p>Suriye&#8217;nin halk, ordu ve y\u00f6netim olarak el ele omuz omuza ter\u00f6re kar\u015f\u0131 sava\u015f\u0131 s\u00fcrd\u00fcrece\u011finin alt\u0131 \u00e7izildi\u011fi b\u00fcltende, Suriye topraklar\u0131n\u0131n istisnas\u0131z tamam\u0131n\u0131n vatan d\u00fc\u015fmanlar\u0131ndan temizlenmesi ahdini yineledi.<\/p>\n<p>https:\/\/www.youtube.com\/watch?v=q_ZL18Z7rSw<\/p>\n","protected":false},"excerpt":{"rendered":"<p>\u015eAM \u2013 Ordu ve Silahl\u0131 Kuvvetler Genel Komutanl\u0131\u011f\u0131 bug\u00fcn yay\u0131nlad\u0131\u011f\u0131 b\u00fcltende, Tedmur kenti ve Antik Palmira Kentinin ter\u00f6rden temizlenip kontrole al\u0131nmalar\u0131n\u0131n Suriye ordusunun ter\u00f6re kar\u015f\u0131 m\u00fccadelede etkin olan ve ter\u00f6r\u00fc bertaraf etme g\u00fcc\u00fcne sahip olan yegane g\u00fc\u00e7 oldu\u011funu kan\u0131tlad\u0131\u011f\u0131n\u0131 belirtti. SANA\u2019n\u0131n bir n\u00fcshas\u0131n\u0131 ald\u0131\u011f\u0131 b\u00fclteninde Genel Komutanl\u0131k; Homs k\u0131rsal\u0131n\u0131n do\u011fu k\u0131rsal\u0131nda g\u00f6rev yapan ordu birliklerimizin &hellip;<\/p>\n","protected":false},"author":1,"featured_media":66598,"comment_status":"closed","ping_status":"closed","sticky":false,"template":"","format":"standard","meta":{"footnotes":""},"categories":[479,575,17988,478],"tags":[18237,2318,20076,2770,16829,11549,12155,17320],"class_list":["post-66597","post","type-post","status-publish","format-standard","has-post-thumbnail","","category-haberler-yerel","category-olaylar-ve-gercekler","category-son-haberler","category-yerel","tag-cihatcilar","tag-isid","tag-mucahitler","tag-ordu-ve-silahli-kuvvetler-genel-komutanligi","tag-palmira","tag-suriye-ordusu","tag-tedmur","tag-tekfirciler"],"_links":{"self":[{"href":"https:\/\/archive.sana.sy\/tr\/index.php?rest_route=\/wp\/v2\/posts\/66597","targetHints":{"allow":["GET"]}}],"collection":[{"href":"https:\/\/archive.sana.sy\/tr\/index.php?rest_route=\/wp\/v2\/posts"}],"about":[{"href":"https:\/\/archive.sana.sy\/tr\/index.php?rest_route=\/wp\/v2\/types\/post"}],"author":[{"embeddable":true,"href":"https:\/\/archive.sana.sy\/tr\/index.php?rest_route=\/wp\/v2\/users\/1"}],"replies":[{"embeddable":true,"href":"https:\/\/archive.sana.sy\/tr\/index.php?rest_route=%2Fwp%2Fv2%2Fcomments&post=66597"}],"version-history":[{"count":0,"href":"https:\/\/archive.sana.sy\/tr\/index.php?rest_route=\/wp\/v2\/posts\/66597\/revisions"}],"wp:featuredmedia":[{"embeddable":true,"href":"https:\/\/archive.sana.sy\/tr\/index.php?rest_route=\/wp\/v2\/media\/66598"}],"wp:attachment":[{"href":"https:\/\/archive.sana.sy\/tr\/index.php?rest_route=%2Fwp%2Fv2%2Fmedia&parent=66597"}],"wp:term":[{"taxonomy":"category","embeddable":true,"href":"https:\/\/archive.sana.sy\/tr\/index.php?rest_route=%2Fwp%2Fv2%2Fcategories&post=66597"},{"taxonomy":"post_tag","embeddable":true,"href":"https:\/\/archive.sana.sy\/tr\/index.php?rest_route=%2Fwp%2Fv2%2Ftags&post=66597"}],"curies":[{"name":"wp","href":"https:\/\/api.w.org\/{rel}","templated":true}]}}