{"id":6667,"date":"2014-08-06T14:10:01","date_gmt":"2014-08-06T11:10:01","guid":{"rendered":"http:\/\/www.sana.sy\/tr\/?p=6667"},"modified":"2014-08-06T19:56:16","modified_gmt":"2014-08-06T16:56:16","slug":"yazici-terorun-hasarini-hafifletmede-gurbetcilerin-rolu-aktiflestirilmelidir","status":"publish","type":"post","link":"https:\/\/archive.sana.sy\/tr\/?p=6667","title":{"rendered":"Yaz\u0131c\u0131: Ter\u00f6r\u00fcn Hasar\u0131n\u0131 Hafifletmede Gurbet\u00e7ilerin Rol\u00fc Aktifle\u015ftirilmelidir"},"content":{"rendered":"<p>\u015eAM \u2013 \u0130\u015flemleri Y\u00fcr\u00fctmekle M\u00fckellef Kabinede Turizm Bakan\u0131 Be\u015fir Yaz\u0131c\u0131; silahl\u0131 ter\u00f6r gruplar\u0131n\u0131n \u00fclke topraklar\u0131nda yaratt\u0131\u011f\u0131 hasar\u0131 hafifletmede gurbet\u00e7ilerin rol\u00fcn\u00fcn aktifle\u015ftirilmesi gerekti\u011fini dile getirdi.<\/p>\n<p>Madrit\u2019te Malula Dostlar\u0131 Cemiyeti Ba\u015fkan\u0131 \u0130lyas Nasrullah ve ona refakat eden heyet ile bir araya gelen Yaz\u0131c\u0131; yeniden in\u015fa s\u00fcrecine katk\u0131da bulunmak ve \u015fehit ailelerine destek sa\u011flamak amac\u0131yla gurbet\u00e7iler i\u00e7in bir fon olu\u015fturulmas\u0131 \u00e7a\u011fr\u0131s\u0131nda bulundu.<\/p>\n<p>\u00d6te yandan Malula Dostlar\u0131 Cemiyetinin \u00fclke d\u0131\u015f\u0131nda y\u00fcr\u00fctt\u00fc\u011f\u00fc faaliyetler hakk\u0131nda k\u0131sa bir sunum takdim eden Nasrullah; Cemiyetin yeniden in\u015fa s\u00fcrecine katk\u0131da bulunmaya haz\u0131r oldu\u011funu belirtti.<\/p>\n<p><a href=\"http:\/\/www.sana.sy\/tr\/wp-content\/uploads\/2014\/08\/Turizm-Bakan\u0131-2.jpg\"><img loading=\"lazy\" decoding=\"async\" class=\"aligncenter wp-image-6669 size-full\" src=\"http:\/\/www.sana.sy\/tr\/wp-content\/uploads\/2014\/08\/Turizm-Bakan\u0131-2.jpg\" alt=\"Turizm Bakan\u0131 2\" width=\"620\" height=\"330\" srcset=\"https:\/\/archive.sana.sy\/tr\/wp-content\/uploads\/2014\/08\/Turizm-Bakan\u0131-2.jpg 620w, https:\/\/archive.sana.sy\/tr\/wp-content\/uploads\/2014\/08\/Turizm-Bakan\u0131-2-150x79.jpg 150w, https:\/\/archive.sana.sy\/tr\/wp-content\/uploads\/2014\/08\/Turizm-Bakan\u0131-2-300x160.jpg 300w\" sizes=\"auto, (max-width: 620px) 100vw, 620px\" \/><\/a><\/p>\n","protected":false},"excerpt":{"rendered":"<p>\u015eAM \u2013 \u0130\u015flemleri Y\u00fcr\u00fctmekle M\u00fckellef Kabinede Turizm Bakan\u0131 Be\u015fir Yaz\u0131c\u0131; silahl\u0131 ter\u00f6r gruplar\u0131n\u0131n \u00fclke topraklar\u0131nda yaratt\u0131\u011f\u0131 hasar\u0131 hafifletmede gurbet\u00e7ilerin rol\u00fcn\u00fcn aktifle\u015ftirilmesi gerekti\u011fini dile getirdi. Madrit\u2019te Malula Dostlar\u0131 Cemiyeti Ba\u015fkan\u0131 \u0130lyas Nasrullah ve ona refakat eden heyet ile bir araya gelen Yaz\u0131c\u0131; yeniden in\u015fa s\u00fcrecine katk\u0131da bulunmak ve \u015fehit ailelerine destek sa\u011flamak amac\u0131yla gurbet\u00e7iler i\u00e7in bir &hellip;<\/p>\n","protected":false},"author":1,"featured_media":6668,"comment_status":"closed","ping_status":"closed","sticky":false,"template":"","format":"standard","meta":{"footnotes":""},"categories":[479,525,478],"tags":[1494],"class_list":["post-6667","post","type-post","status-publish","format-standard","has-post-thumbnail","","category-haberler-yerel","category-toplum","category-yerel","tag-yazici-terorun-hasarini-hafifletmede-gurbetcilerin-rolu-aktiflestirilmelidir"],"_links":{"self":[{"href":"https:\/\/archive.sana.sy\/tr\/index.php?rest_route=\/wp\/v2\/posts\/6667","targetHints":{"allow":["GET"]}}],"collection":[{"href":"https:\/\/archive.sana.sy\/tr\/index.php?rest_route=\/wp\/v2\/posts"}],"about":[{"href":"https:\/\/archive.sana.sy\/tr\/index.php?rest_route=\/wp\/v2\/types\/post"}],"author":[{"embeddable":true,"href":"https:\/\/archive.sana.sy\/tr\/index.php?rest_route=\/wp\/v2\/users\/1"}],"replies":[{"embeddable":true,"href":"https:\/\/archive.sana.sy\/tr\/index.php?rest_route=%2Fwp%2Fv2%2Fcomments&post=6667"}],"version-history":[{"count":0,"href":"https:\/\/archive.sana.sy\/tr\/index.php?rest_route=\/wp\/v2\/posts\/6667\/revisions"}],"wp:featuredmedia":[{"embeddable":true,"href":"https:\/\/archive.sana.sy\/tr\/index.php?rest_route=\/wp\/v2\/media\/6668"}],"wp:attachment":[{"href":"https:\/\/archive.sana.sy\/tr\/index.php?rest_route=%2Fwp%2Fv2%2Fmedia&parent=6667"}],"wp:term":[{"taxonomy":"category","embeddable":true,"href":"https:\/\/archive.sana.sy\/tr\/index.php?rest_route=%2Fwp%2Fv2%2Fcategories&post=6667"},{"taxonomy":"post_tag","embeddable":true,"href":"https:\/\/archive.sana.sy\/tr\/index.php?rest_route=%2Fwp%2Fv2%2Ftags&post=6667"}],"curies":[{"name":"wp","href":"https:\/\/api.w.org\/{rel}","templated":true}]}}