{"id":6671,"date":"2014-08-06T18:10:17","date_gmt":"2014-08-06T15:10:17","guid":{"rendered":"http:\/\/www.sana.sy\/tr\/?p=6671"},"modified":"2014-08-08T15:26:46","modified_gmt":"2014-08-08T12:26:46","slug":"suriyenin-kilit-rolunun-giyabi-filistin-davasini-olumsuz-etkiler","status":"publish","type":"post","link":"https:\/\/archive.sana.sy\/tr\/?p=6671","title":{"rendered":"Suriye&#8217;nin Kilit Rol\u00fcn\u00fcn G\u0131yab\u0131 Filistin Davas\u0131n\u0131 Olumsuz Etkiler"},"content":{"rendered":"<p>\u015eAM \u2013 D\u0131\u015fi\u015fleri ve Gurbet\u00e7iler Bakan\u0131 Yard\u0131mc\u0131s\u0131 Faysal Mikdat; Suriye ve Filistin\u2019de iki karde\u015f halk\u0131n tan\u0131k oldu\u011fu bu hassas ve zor s\u00fcre\u00e7 i\u00e7inde Suriye ve Filistin aras\u0131ndaki kader birli\u011fine dikkat \u00e7ekerken; ABD ve Bat\u0131l\u0131 devletlerin yan\u0131 s\u0131ra b\u00f6lgedeki edatlar\u0131n\u0131n deste\u011fi ile \u0130srail&#8217;in toplu katliam sava\u015f\u0131 kar\u015f\u0131s\u0131nda Suriye&#8217;nin karde\u015f Filistin halk\u0131na deste\u011finin alt\u0131n\u0131 \u00e7izdi.<\/p>\n<p>Filistin Kurtulu\u015f \u00d6rg\u00fct\u00fc (FK\u00d6) Y\u00fcr\u00fctme Ofis \u00dcyesi Ahmet Mecdalani ba\u015fkanl\u0131\u011f\u0131nda FK\u00d6 heyeti ile bug\u00fcn \u00f6\u011flen saatlerinde bir araya gelen Mikdat; Filistinli m\u00fcltecilerin diyarlar\u0131na geri d\u00f6nmeleri ve kendi gelece\u011fini kendi elleriyle yap\u0131land\u0131r\u0131p Filistin topraklar\u0131nda ba\u015fkenti Kud\u00fcs olan ba\u011f\u0131ms\u0131z ve egemen devletini kurmas\u0131nda karde\u015f Filistin halk\u0131na Suriye&#8217;nin devlet ve halk olarak deste\u011fini s\u00fcrd\u00fcrece\u011fine vurgu yapt\u0131.<\/p>\n<p>Mikdat Suriye&#8217;nin devlet ve halk olarak tan\u0131k oldu\u011fu zor s\u00fcrece ra\u011fmen bir an bile Filistin davas\u0131 ve Filistin halk\u0131n\u0131n me\u015fru haklar\u0131n\u0131 geri almak i\u00e7in verdi\u011fi m\u00fccadeleden uzak oldu\u011funu d\u00fc\u015f\u00fcnmediklerini belirtirken; Filistinlilerin \u0130srail\u2019in Gazze Kesimine kar\u015f\u0131 sald\u0131r\u0131lar\u0131na sergiledikleri birlik beraberlik tutumundan memnuniyetini ifade etti.<\/p>\n<p>G\u00f6r\u00fc\u015fmede FK\u00d6 heyeti ba\u015fkan\u0131 Mecdalani; \u015eam\u2019a ziyareti ve bulundu\u011fu temaslar\u0131n Filistin sahas\u0131ndaki son geli\u015fmeler konusunda Suriye y\u00f6netimine bilgi aktarmakla birlikte \u0130srail&#8217;in Filistinlilere kar\u015f\u0131 sava\u015f\u0131na kar\u015f\u0131 koymada koordinasyon ama\u00e7l\u0131 oldu\u011funu belirtti.<\/p>\n<p>Suriye&#8217;nin b\u00f6lgede oynad\u0131\u011f\u0131 kilit role vurgu yapan Mecdalani; bu rol\u00fcn herhangi bir \u015fekilde g\u0131yap olmas\u0131n\u0131n Filistin davas\u0131n\u0131 olumsuz etkileyece\u011fine dikkat \u00e7ekti.<br \/>\nBu arada \u015eam\u2019da Filistinli m\u00fcltecilerin yo\u011fun olarak ya\u015fad\u0131\u011f\u0131 Yerm\u00fck Semtine saha gezisinde bulunan FK\u00d6 heyeti; b\u00f6lgede meydana gelen olumlu geli\u015fmeler ve semt ahalisinin ihtiya\u00e7lar\u0131n\u0131n kar\u015f\u0131lanmas\u0131ndan memnuniyetini ifade etti.<\/p>\n<p><a href=\"http:\/\/www.sana.sy\/tr\/wp-content\/uploads\/2014\/08\/Mikdat-2.jpg\"><img loading=\"lazy\" decoding=\"async\" class=\"aligncenter wp-image-6673 size-large\" src=\"http:\/\/www.sana.sy\/tr\/wp-content\/uploads\/2014\/08\/Mikdat-2-1024x681.jpg\" alt=\"Mikdat 2\" width=\"620\" height=\"412\" srcset=\"https:\/\/archive.sana.sy\/tr\/wp-content\/uploads\/2014\/08\/Mikdat-2-1024x681.jpg 1024w, https:\/\/archive.sana.sy\/tr\/wp-content\/uploads\/2014\/08\/Mikdat-2-150x99.jpg 150w, https:\/\/archive.sana.sy\/tr\/wp-content\/uploads\/2014\/08\/Mikdat-2-300x199.jpg 300w\" sizes=\"auto, (max-width: 620px) 100vw, 620px\" \/><\/a><\/p>\n","protected":false},"excerpt":{"rendered":"<p>\u015eAM \u2013 D\u0131\u015fi\u015fleri ve Gurbet\u00e7iler Bakan\u0131 Yard\u0131mc\u0131s\u0131 Faysal Mikdat; Suriye ve Filistin\u2019de iki karde\u015f halk\u0131n tan\u0131k oldu\u011fu bu hassas ve zor s\u00fcre\u00e7 i\u00e7inde Suriye ve Filistin aras\u0131ndaki kader birli\u011fine dikkat \u00e7ekerken; ABD ve Bat\u0131l\u0131 devletlerin yan\u0131 s\u0131ra b\u00f6lgedeki edatlar\u0131n\u0131n deste\u011fi ile \u0130srail&#8217;in toplu katliam sava\u015f\u0131 kar\u015f\u0131s\u0131nda Suriye&#8217;nin karde\u015f Filistin halk\u0131na deste\u011finin alt\u0131n\u0131 \u00e7izdi. Filistin Kurtulu\u015f &hellip;<\/p>\n","protected":false},"author":1,"featured_media":6672,"comment_status":"closed","ping_status":"closed","sticky":false,"template":"","format":"standard","meta":{"footnotes":""},"categories":[479,447,478],"tags":[1495],"class_list":["post-6671","post","type-post","status-publish","format-standard","has-post-thumbnail","","category-haberler-yerel","category-politika","category-yerel","tag-suriyenin-kilit-rolunun-giyabi-filistin-davasini-olumsuz-etkiler"],"_links":{"self":[{"href":"https:\/\/archive.sana.sy\/tr\/index.php?rest_route=\/wp\/v2\/posts\/6671","targetHints":{"allow":["GET"]}}],"collection":[{"href":"https:\/\/archive.sana.sy\/tr\/index.php?rest_route=\/wp\/v2\/posts"}],"about":[{"href":"https:\/\/archive.sana.sy\/tr\/index.php?rest_route=\/wp\/v2\/types\/post"}],"author":[{"embeddable":true,"href":"https:\/\/archive.sana.sy\/tr\/index.php?rest_route=\/wp\/v2\/users\/1"}],"replies":[{"embeddable":true,"href":"https:\/\/archive.sana.sy\/tr\/index.php?rest_route=%2Fwp%2Fv2%2Fcomments&post=6671"}],"version-history":[{"count":0,"href":"https:\/\/archive.sana.sy\/tr\/index.php?rest_route=\/wp\/v2\/posts\/6671\/revisions"}],"wp:featuredmedia":[{"embeddable":true,"href":"https:\/\/archive.sana.sy\/tr\/index.php?rest_route=\/wp\/v2\/media\/6672"}],"wp:attachment":[{"href":"https:\/\/archive.sana.sy\/tr\/index.php?rest_route=%2Fwp%2Fv2%2Fmedia&parent=6671"}],"wp:term":[{"taxonomy":"category","embeddable":true,"href":"https:\/\/archive.sana.sy\/tr\/index.php?rest_route=%2Fwp%2Fv2%2Fcategories&post=6671"},{"taxonomy":"post_tag","embeddable":true,"href":"https:\/\/archive.sana.sy\/tr\/index.php?rest_route=%2Fwp%2Fv2%2Ftags&post=6671"}],"curies":[{"name":"wp","href":"https:\/\/api.w.org\/{rel}","templated":true}]}}