{"id":66778,"date":"2016-03-27T20:37:45","date_gmt":"2016-03-27T17:37:45","guid":{"rendered":"http:\/\/www.sana.sy\/tr\/?p=66778"},"modified":"2016-03-27T22:19:55","modified_gmt":"2016-03-27T19:19:55","slug":"bm-genel-sekreteri-ban-ki-moon-suriye-ordusunun-homs-kirsalinin-dogusunda-palmira-bolgesini-isid-teror-orgutunden-kurtarmasinin-kendisini-mutlu-ettigini-ve-azmini-arttirdigini-ifade-etti","status":"publish","type":"post","link":"https:\/\/archive.sana.sy\/tr\/?p=66778","title":{"rendered":"BM genel sekreteri Ban Ki-moon; Suriye ordusunun Homs k\u0131rsal\u0131n\u0131n do\u011fusunda Palmira B\u00f6lgesini I\u015e\u0130D ter\u00f6r \u00f6rg\u00fct\u00fcnden kurtarmas\u0131n\u0131n kendisini mutlu etti\u011fini ve azmini artt\u0131rd\u0131\u011f\u0131n\u0131 ifade etti"},"content":{"rendered":"<p>BM genel sekreteri Ban Ki-moon; Suriye ordusunun Homs k\u0131rsal\u0131n\u0131n do\u011fusunda Palmira B\u00f6lgesini I\u015e\u0130D ter\u00f6r \u00f6rg\u00fct\u00fcnden kurtarmas\u0131n\u0131n kendisini mutlu etti\u011fini ve azmini artt\u0131rd\u0131\u011f\u0131n\u0131 ifade etti<\/p>\n","protected":false},"excerpt":{"rendered":"<p>BM genel sekreteri Ban Ki-moon; Suriye ordusunun Homs k\u0131rsal\u0131n\u0131n do\u011fusunda Palmira B\u00f6lgesini I\u015e\u0130D ter\u00f6r \u00f6rg\u00fct\u00fcnden kurtarmas\u0131n\u0131n kendisini mutlu etti\u011fini ve azmini artt\u0131rd\u0131\u011f\u0131n\u0131 ifade etti<\/p>\n","protected":false},"author":1,"featured_media":0,"comment_status":"closed","ping_status":"closed","sticky":false,"template":"","format":"standard","meta":{"footnotes":""},"categories":[1],"tags":[],"class_list":["post-66778","post","type-post","status-publish","format-standard","","category-news-not-sorted"],"_links":{"self":[{"href":"https:\/\/archive.sana.sy\/tr\/index.php?rest_route=\/wp\/v2\/posts\/66778","targetHints":{"allow":["GET"]}}],"collection":[{"href":"https:\/\/archive.sana.sy\/tr\/index.php?rest_route=\/wp\/v2\/posts"}],"about":[{"href":"https:\/\/archive.sana.sy\/tr\/index.php?rest_route=\/wp\/v2\/types\/post"}],"author":[{"embeddable":true,"href":"https:\/\/archive.sana.sy\/tr\/index.php?rest_route=\/wp\/v2\/users\/1"}],"replies":[{"embeddable":true,"href":"https:\/\/archive.sana.sy\/tr\/index.php?rest_route=%2Fwp%2Fv2%2Fcomments&post=66778"}],"version-history":[{"count":0,"href":"https:\/\/archive.sana.sy\/tr\/index.php?rest_route=\/wp\/v2\/posts\/66778\/revisions"}],"wp:attachment":[{"href":"https:\/\/archive.sana.sy\/tr\/index.php?rest_route=%2Fwp%2Fv2%2Fmedia&parent=66778"}],"wp:term":[{"taxonomy":"category","embeddable":true,"href":"https:\/\/archive.sana.sy\/tr\/index.php?rest_route=%2Fwp%2Fv2%2Fcategories&post=66778"},{"taxonomy":"post_tag","embeddable":true,"href":"https:\/\/archive.sana.sy\/tr\/index.php?rest_route=%2Fwp%2Fv2%2Ftags&post=66778"}],"curies":[{"name":"wp","href":"https:\/\/api.w.org\/{rel}","templated":true}]}}