{"id":66780,"date":"2016-03-27T21:04:38","date_gmt":"2016-03-27T18:04:38","guid":{"rendered":"http:\/\/www.sana.sy\/tr\/?p=66780"},"modified":"2016-03-29T10:41:50","modified_gmt":"2016-03-29T07:41:50","slug":"ban-suriye-ordusunun-bu-ilani-bizi-mutlu-etti","status":"publish","type":"post","link":"https:\/\/archive.sana.sy\/tr\/?p=66780","title":{"rendered":"Ban: Suriye Ordusunun Bu \u0130lan\u0131 Bizi Mutlu Etti"},"content":{"rendered":"<p>AMMAN \u2013 BM Genel Sekreteri Ban Ki-moon; Suriye ordusunun Homs k\u0131rsal\u0131n\u0131n do\u011fusunda Palmira B\u00f6lgesini I\u015e\u0130D ter\u00f6r \u00f6rg\u00fct\u00fcnden kurtarmas\u0131n\u0131n kendisini mutlu etti\u011fini ve azmini artt\u0131rd\u0131\u011f\u0131n\u0131 ifade etti.<\/p>\n<p>\u00dcrd\u00fcn\u2019\u00fcn ba\u015fkenti Amman\u2019da d\u00fczenledi\u011fi ve FP\u2019nin aktard\u0131\u011f\u0131 bas\u0131n toplant\u0131s\u0131 a\u00e7\u0131klamalar\u0131nda Ban; Suriye ordusunun Palmira\u2019y\u0131 I\u015e\u0130D\u2019ten kurtarmas\u0131ndan memnuniyet duydu\u011funu ifade ederken, \u2018Suriye ordusunun bu ilan\u0131 bizi memnun etti\u011fi gibi azmimizi de artt\u0131rd\u0131. \u015eimdi de Suriye ordusu bu insani miras\u0131 koruyacak..\u201d ifadesini kulland\u0131.<\/p>\n<p>Ban; \u201cI\u015e\u0130D ter\u00f6r \u00f6rg\u00fct\u00fc ve ter\u00f6ristler insanlar\u0131 vah\u015fetle \u00f6ld\u00fcrmekle yetinmiyor, binlerce y\u0131l \u00f6nce yap\u0131land\u0131r\u0131lan ve insanl\u0131\u011fa miras olarak b\u0131rak\u0131lan medeniyeti de barbarca y\u0131k\u0131yorlar. \u00d6yle ki bu miras t\u00fcn insanl\u0131\u011f\u0131n miras\u0131 ve m\u00fclk\u00fcd\u00fcr..\u201d \u015feklinde konu\u015ftu.<\/p>\n","protected":false},"excerpt":{"rendered":"<p>AMMAN \u2013 BM Genel Sekreteri Ban Ki-moon; Suriye ordusunun Homs k\u0131rsal\u0131n\u0131n do\u011fusunda Palmira B\u00f6lgesini I\u015e\u0130D ter\u00f6r \u00f6rg\u00fct\u00fcnden kurtarmas\u0131n\u0131n kendisini mutlu etti\u011fini ve azmini artt\u0131rd\u0131\u011f\u0131n\u0131 ifade etti. \u00dcrd\u00fcn\u2019\u00fcn ba\u015fkenti Amman\u2019da d\u00fczenledi\u011fi ve FP\u2019nin aktard\u0131\u011f\u0131 bas\u0131n toplant\u0131s\u0131 a\u00e7\u0131klamalar\u0131nda Ban; Suriye ordusunun Palmira\u2019y\u0131 I\u015e\u0130D\u2019ten kurtarmas\u0131ndan memnuniyet duydu\u011funu ifade ederken, \u2018Suriye ordusunun bu ilan\u0131 bizi memnun etti\u011fi gibi azmimizi &hellip;<\/p>\n","protected":false},"author":1,"featured_media":66781,"comment_status":"closed","ping_status":"closed","sticky":false,"template":"","format":"standard","meta":{"footnotes":""},"categories":[458,459,17988],"tags":[20124],"class_list":["post-66780","post","type-post","status-publish","format-standard","has-post-thumbnail","","category-dunya1","category-haberler-arap-uluslararasi-politika","category-son-haberler","tag-ban-suriye-ordusunun-bu-ilani-bizi-mutlu-etti"],"_links":{"self":[{"href":"https:\/\/archive.sana.sy\/tr\/index.php?rest_route=\/wp\/v2\/posts\/66780","targetHints":{"allow":["GET"]}}],"collection":[{"href":"https:\/\/archive.sana.sy\/tr\/index.php?rest_route=\/wp\/v2\/posts"}],"about":[{"href":"https:\/\/archive.sana.sy\/tr\/index.php?rest_route=\/wp\/v2\/types\/post"}],"author":[{"embeddable":true,"href":"https:\/\/archive.sana.sy\/tr\/index.php?rest_route=\/wp\/v2\/users\/1"}],"replies":[{"embeddable":true,"href":"https:\/\/archive.sana.sy\/tr\/index.php?rest_route=%2Fwp%2Fv2%2Fcomments&post=66780"}],"version-history":[{"count":0,"href":"https:\/\/archive.sana.sy\/tr\/index.php?rest_route=\/wp\/v2\/posts\/66780\/revisions"}],"wp:featuredmedia":[{"embeddable":true,"href":"https:\/\/archive.sana.sy\/tr\/index.php?rest_route=\/wp\/v2\/media\/66781"}],"wp:attachment":[{"href":"https:\/\/archive.sana.sy\/tr\/index.php?rest_route=%2Fwp%2Fv2%2Fmedia&parent=66780"}],"wp:term":[{"taxonomy":"category","embeddable":true,"href":"https:\/\/archive.sana.sy\/tr\/index.php?rest_route=%2Fwp%2Fv2%2Fcategories&post=66780"},{"taxonomy":"post_tag","embeddable":true,"href":"https:\/\/archive.sana.sy\/tr\/index.php?rest_route=%2Fwp%2Fv2%2Ftags&post=66780"}],"curies":[{"name":"wp","href":"https:\/\/api.w.org\/{rel}","templated":true}]}}