{"id":66793,"date":"2016-03-28T11:00:51","date_gmt":"2016-03-28T08:00:51","guid":{"rendered":"http:\/\/sana.sy\/tr\/?p=66793"},"modified":"2016-03-28T11:26:45","modified_gmt":"2016-03-28T08:26:45","slug":"hassun-suriye-avrupayi-uzun-sure-once-uyarmisti","status":"publish","type":"post","link":"https:\/\/archive.sana.sy\/tr\/?p=66793","title":{"rendered":"Hassun: Suriye Avrupa\u2019y\u0131 Uzun S\u00fcre \u00d6nce Uyarm\u0131\u015ft\u0131"},"content":{"rendered":"<p>\u015eAM \u2013 Cumhuriyet M\u00fcft\u00fcs\u00fc Ahmet Bedrettin Hassun Suriye\u2019nin uzun s\u00fcre \u00f6nce Avrupa\u2019y\u0131 radikalizm ve ter\u00f6rle ilgili uyard\u0131\u011f\u0131n\u0131 ifade ederek laik olmas\u0131 nedeniyle Suriye\u2019ye kar\u015f\u0131 sava\u015f a\u00e7\u0131ld\u0131\u011f\u0131n\u0131 belirtti.<\/p>\n<p>Suriye\u2019yi ziyaret etmekte olan Parlamenter, Ayd\u0131n ve Gazetecilerden olu\u015fan Frans\u0131z Heyetle d\u00fcn bir araya gelen Hassun, Suriye\u2019nin radikalizm ve ter\u00f6re kar\u015f\u0131 sava\u015f\u0131n\u0131n ayn\u0131 zamanda Avrupa\u2019y\u0131 da korudu\u011funu dile getirerek Suriye\u2019nin ayr\u0131ca\u00a0ter\u00f6rle m\u00fccadeleye paralel olarak uzla\u015fma faaliyetlerini de s\u00fcrd\u00fcrd\u00fc\u011f\u00fcn\u00fc belirtti.<\/p>\n<p>T\u00fcrkiye, Katar ve Suudi Arabistan rejimlerinin ter\u00f6re verdikleri deste\u011fi kesmelerini talep eden Hassun, T\u00fcrkiye Rejimi Ba\u015fkan\u0131 Recep Tayyip Erdo\u011fan\u2019\u0131n m\u00fclteci ve zorla g\u00f6\u00e7 ettirilen vatanda\u015flar\u0131n durumunu suiistimal ederek siyasile\u015ftirerek Avrupa\u2019ya kar\u015f\u0131 \u015fantaj olarak kulland\u0131\u011f\u0131n\u0131 beyan etti.<\/p>\n<p>Ayr\u0131ca toplant\u0131ya kat\u0131lan Antakya ve T\u00fcm Ortado\u011fu Rum Ortodoks Patrikli\u011finde Patrik Yard\u0131mc\u0131s\u0131 Luka el Huri; Suriye\u2019nin sevgi ve ho\u015fg\u00f6r\u00fc vatan\u0131 oldu\u011funu ifade ederek bar\u0131\u015f ve uygarl\u0131\u011f\u0131n bu topraklarda hayat buldu\u011funa dikkat \u00e7ekti.<\/p>\n<p>Frans\u0131z heyet \u00fcyelerine ziyaretleri s\u0131ras\u0131nda tan\u0131k olduklar\u0131 b\u00fct\u00fcn ger\u00e7ekleri gittikleri yerlere aktarma \u00e7a\u011fr\u0131s\u0131nda bulunan Patrik Yard\u0131mc\u0131s\u0131 Huri, Suriye\u2019de b\u00fct\u00fcn vatanda\u015flar\u0131n e\u015fit hak ve sorumluluklara sahip olduklar\u0131n\u0131 beyan etti.<\/p>\n<p>Di\u011fer taraftan Frans\u0131z Heyet Ba\u015fkan\u0131 ve Fransa Ulusal Cemiyetinde D\u0131\u015f \u0130\u015fler Komisyonu \u00dcyesi TeryyMaryani, Suriye Arap Ordusunun Tedmur kentinde g\u00fcvenlik ve istikrar\u0131 sa\u011flamas\u0131ndan ve ter\u00f6re kar\u015f\u0131 b\u00fct\u00fcn zaferlerinden b\u00fcy\u00fck bir memnuniyet duydu\u011funu dile getirerek Suriye\u2019ye kar\u015f\u0131 silah ta\u015f\u0131yan ter\u00f6ristlerle Avrupa\u2019da vatanda\u015flar\u0131 hedef alan ter\u00f6ristlerin ayn\u0131 ter\u00f6ristler oldu\u011funun alt\u0131n\u0131 \u00e7izdi.<\/p>\n<p>F.B. &#8211; R.H.<\/p>\n","protected":false},"excerpt":{"rendered":"<p>\u015eAM \u2013 Cumhuriyet M\u00fcft\u00fcs\u00fc Ahmet Bedrettin Hassun Suriye\u2019nin uzun s\u00fcre \u00f6nce Avrupa\u2019y\u0131 radikalizm ve ter\u00f6rle ilgili uyard\u0131\u011f\u0131n\u0131 ifade ederek laik olmas\u0131 nedeniyle Suriye\u2019ye kar\u015f\u0131 sava\u015f a\u00e7\u0131ld\u0131\u011f\u0131n\u0131 belirtti. Suriye\u2019yi ziyaret etmekte olan Parlamenter, Ayd\u0131n ve Gazetecilerden olu\u015fan Frans\u0131z Heyetle d\u00fcn bir araya gelen Hassun, Suriye\u2019nin radikalizm ve ter\u00f6re kar\u015f\u0131 sava\u015f\u0131n\u0131n ayn\u0131 zamanda Avrupa\u2019y\u0131 da korudu\u011funu dile &hellip;<\/p>\n","protected":false},"author":1,"featured_media":66794,"comment_status":"closed","ping_status":"closed","sticky":false,"template":"","format":"standard","meta":{"footnotes":""},"categories":[479,17988,478],"tags":[18260,20126],"class_list":["post-66793","post","type-post","status-publish","format-standard","has-post-thumbnail","","category-haberler-yerel","category-son-haberler","category-yerel","tag-cumhuriyet-muftusu-ahmet-bedrettin-hassun","tag-hassun-suriye-avrupayi-uzun-sure-once-uyarmisti"],"_links":{"self":[{"href":"https:\/\/archive.sana.sy\/tr\/index.php?rest_route=\/wp\/v2\/posts\/66793","targetHints":{"allow":["GET"]}}],"collection":[{"href":"https:\/\/archive.sana.sy\/tr\/index.php?rest_route=\/wp\/v2\/posts"}],"about":[{"href":"https:\/\/archive.sana.sy\/tr\/index.php?rest_route=\/wp\/v2\/types\/post"}],"author":[{"embeddable":true,"href":"https:\/\/archive.sana.sy\/tr\/index.php?rest_route=\/wp\/v2\/users\/1"}],"replies":[{"embeddable":true,"href":"https:\/\/archive.sana.sy\/tr\/index.php?rest_route=%2Fwp%2Fv2%2Fcomments&post=66793"}],"version-history":[{"count":0,"href":"https:\/\/archive.sana.sy\/tr\/index.php?rest_route=\/wp\/v2\/posts\/66793\/revisions"}],"wp:featuredmedia":[{"embeddable":true,"href":"https:\/\/archive.sana.sy\/tr\/index.php?rest_route=\/wp\/v2\/media\/66794"}],"wp:attachment":[{"href":"https:\/\/archive.sana.sy\/tr\/index.php?rest_route=%2Fwp%2Fv2%2Fmedia&parent=66793"}],"wp:term":[{"taxonomy":"category","embeddable":true,"href":"https:\/\/archive.sana.sy\/tr\/index.php?rest_route=%2Fwp%2Fv2%2Fcategories&post=66793"},{"taxonomy":"post_tag","embeddable":true,"href":"https:\/\/archive.sana.sy\/tr\/index.php?rest_route=%2Fwp%2Fv2%2Ftags&post=66793"}],"curies":[{"name":"wp","href":"https:\/\/api.w.org\/{rel}","templated":true}]}}