{"id":66868,"date":"2016-03-28T13:17:42","date_gmt":"2016-03-28T10:17:42","guid":{"rendered":"http:\/\/sana.sy\/tr\/?p=66868"},"modified":"2016-03-28T13:17:42","modified_gmt":"2016-03-28T10:17:42","slug":"tartusta-2-amator-tiyatro-festivali-basladi","status":"publish","type":"post","link":"https:\/\/archive.sana.sy\/tr\/?p=66868","title":{"rendered":"Tartus\u2019ta 2. Amat\u00f6r Tiyatro Festivali ba\u015flad\u0131"},"content":{"rendered":"<p>Tartus\u2019ta 2. Amat\u00f6r Tiyatro Festivali ba\u015flad\u0131<\/p>\n","protected":false},"excerpt":{"rendered":"<p>Tartus\u2019ta 2. Amat\u00f6r Tiyatro Festivali ba\u015flad\u0131<\/p>\n","protected":false},"author":1,"featured_media":66855,"comment_status":"closed","ping_status":"closed","sticky":false,"template":"","format":"standard","meta":{"footnotes":""},"categories":[573],"tags":[20140],"class_list":["post-66868","post","type-post","status-publish","format-standard","has-post-thumbnail","","category-goruntulu-olaylar","tag-tartusta-2-amator-tiyatro-festivali-basladi"],"_links":{"self":[{"href":"https:\/\/archive.sana.sy\/tr\/index.php?rest_route=\/wp\/v2\/posts\/66868","targetHints":{"allow":["GET"]}}],"collection":[{"href":"https:\/\/archive.sana.sy\/tr\/index.php?rest_route=\/wp\/v2\/posts"}],"about":[{"href":"https:\/\/archive.sana.sy\/tr\/index.php?rest_route=\/wp\/v2\/types\/post"}],"author":[{"embeddable":true,"href":"https:\/\/archive.sana.sy\/tr\/index.php?rest_route=\/wp\/v2\/users\/1"}],"replies":[{"embeddable":true,"href":"https:\/\/archive.sana.sy\/tr\/index.php?rest_route=%2Fwp%2Fv2%2Fcomments&post=66868"}],"version-history":[{"count":0,"href":"https:\/\/archive.sana.sy\/tr\/index.php?rest_route=\/wp\/v2\/posts\/66868\/revisions"}],"wp:featuredmedia":[{"embeddable":true,"href":"https:\/\/archive.sana.sy\/tr\/index.php?rest_route=\/wp\/v2\/media\/66855"}],"wp:attachment":[{"href":"https:\/\/archive.sana.sy\/tr\/index.php?rest_route=%2Fwp%2Fv2%2Fmedia&parent=66868"}],"wp:term":[{"taxonomy":"category","embeddable":true,"href":"https:\/\/archive.sana.sy\/tr\/index.php?rest_route=%2Fwp%2Fv2%2Fcategories&post=66868"},{"taxonomy":"post_tag","embeddable":true,"href":"https:\/\/archive.sana.sy\/tr\/index.php?rest_route=%2Fwp%2Fv2%2Ftags&post=66868"}],"curies":[{"name":"wp","href":"https:\/\/api.w.org\/{rel}","templated":true}]}}