{"id":66873,"date":"2016-03-28T10:25:23","date_gmt":"2016-03-28T07:25:23","guid":{"rendered":"http:\/\/www.sana.sy\/tr\/?p=66873"},"modified":"2016-03-28T14:01:05","modified_gmt":"2016-03-28T11:01:05","slug":"disisleri-ve-gurbetciler-bakanligi-suriye-arap-cumhuriyetinin-pakistanin-lahor-kentinde-meydana-gelen-teror-saldirisini-siddetle-kinadigini-belirtirken-bu-korkak-eylemde-kurban-giden-sivil-i","status":"publish","type":"post","link":"https:\/\/archive.sana.sy\/tr\/?p=66873","title":{"rendered":"D\u0131\u015fi\u015fleri ve Gurbet\u00e7iler Bakanl\u0131\u011f\u0131 Suriye Arap Cumhuriyetinin Pakistan\u2019\u0131n Lahor Kentinde meydana gelen ter\u00f6r sald\u0131r\u0131s\u0131n\u0131 \u015fiddetle k\u0131nad\u0131\u011f\u0131n\u0131 belirtirken, bu korkak eylemde kurban giden sivil insanlar\u0131n ailelerinin ac\u0131lar\u0131n\u0131 payla\u015ft\u0131\u011f\u0131n\u0131 ifade etti"},"content":{"rendered":"<p>D\u0131\u015fi\u015fleri ve Gurbet\u00e7iler Bakanl\u0131\u011f\u0131 Suriye Arap Cumhuriyetinin Pakistan\u2019\u0131n Lahor Kentinde meydana gelen ter\u00f6r sald\u0131r\u0131s\u0131n\u0131 \u015fiddetle k\u0131nad\u0131\u011f\u0131n\u0131 belirtirken, bu korkak eylemde kurban giden sivil insanlar\u0131n ailelerinin ac\u0131lar\u0131n\u0131 payla\u015ft\u0131\u011f\u0131n\u0131 ifade etti<\/p>\n","protected":false},"excerpt":{"rendered":"<p>D\u0131\u015fi\u015fleri ve Gurbet\u00e7iler Bakanl\u0131\u011f\u0131 Suriye Arap Cumhuriyetinin Pakistan\u2019\u0131n Lahor Kentinde meydana gelen ter\u00f6r sald\u0131r\u0131s\u0131n\u0131 \u015fiddetle k\u0131nad\u0131\u011f\u0131n\u0131 belirtirken, bu korkak eylemde kurban giden sivil insanlar\u0131n ailelerinin ac\u0131lar\u0131n\u0131 payla\u015ft\u0131\u011f\u0131n\u0131 ifade etti<\/p>\n","protected":false},"author":1,"featured_media":58242,"comment_status":"closed","ping_status":"closed","sticky":false,"template":"","format":"standard","meta":{"footnotes":""},"categories":[17991],"tags":[],"class_list":["post-66873","post","type-post","status-publish","format-standard","has-post-thumbnail","","category-son-dakika"],"_links":{"self":[{"href":"https:\/\/archive.sana.sy\/tr\/index.php?rest_route=\/wp\/v2\/posts\/66873","targetHints":{"allow":["GET"]}}],"collection":[{"href":"https:\/\/archive.sana.sy\/tr\/index.php?rest_route=\/wp\/v2\/posts"}],"about":[{"href":"https:\/\/archive.sana.sy\/tr\/index.php?rest_route=\/wp\/v2\/types\/post"}],"author":[{"embeddable":true,"href":"https:\/\/archive.sana.sy\/tr\/index.php?rest_route=\/wp\/v2\/users\/1"}],"replies":[{"embeddable":true,"href":"https:\/\/archive.sana.sy\/tr\/index.php?rest_route=%2Fwp%2Fv2%2Fcomments&post=66873"}],"version-history":[{"count":0,"href":"https:\/\/archive.sana.sy\/tr\/index.php?rest_route=\/wp\/v2\/posts\/66873\/revisions"}],"wp:featuredmedia":[{"embeddable":true,"href":"https:\/\/archive.sana.sy\/tr\/index.php?rest_route=\/wp\/v2\/media\/58242"}],"wp:attachment":[{"href":"https:\/\/archive.sana.sy\/tr\/index.php?rest_route=%2Fwp%2Fv2%2Fmedia&parent=66873"}],"wp:term":[{"taxonomy":"category","embeddable":true,"href":"https:\/\/archive.sana.sy\/tr\/index.php?rest_route=%2Fwp%2Fv2%2Fcategories&post=66873"},{"taxonomy":"post_tag","embeddable":true,"href":"https:\/\/archive.sana.sy\/tr\/index.php?rest_route=%2Fwp%2Fv2%2Ftags&post=66873"}],"curies":[{"name":"wp","href":"https:\/\/api.w.org\/{rel}","templated":true}]}}