{"id":66875,"date":"2016-03-28T10:32:49","date_gmt":"2016-03-28T07:32:49","guid":{"rendered":"http:\/\/www.sana.sy\/tr\/?p=66875"},"modified":"2016-03-28T14:01:38","modified_gmt":"2016-03-28T11:01:38","slug":"bakanlik-yayinladigi-ve-sananin-bir-nushasini-aldigi-beyaninda-suriyenin-pakistan-halki-ve-hukumetiyle-dayanismasini-ifade-ederken-kimi-devletlerin-destekledigi-ya-da-siyasi-ortu-temin-ett","status":"publish","type":"post","link":"https:\/\/archive.sana.sy\/tr\/?p=66875","title":{"rendered":"Bakanl\u0131k yay\u0131nlad\u0131\u011f\u0131 ve SANA\u2019n\u0131n bir n\u00fcshas\u0131n\u0131 ald\u0131\u011f\u0131 beyan\u0131nda Suriye&#8217;nin Pakistan halk\u0131 ve h\u00fck\u00fcmetiyle dayan\u0131\u015fmas\u0131n\u0131 ifade ederken, kimi devletlerin destekledi\u011fi ya da siyasi \u00f6rt\u00fc temin ettikleri tekfirci ter\u00f6re kar\u015f\u0131 ciddi ve d\u00fcr\u00fcst m\u00fccadele \u00e7abalar\u0131n\u0131n birle\u015ftirilip yo\u011funla\u015ft\u0131r\u0131lmas\u0131n\u0131n bir kez daha gereklilik dayatt\u0131\u011f\u0131na dikkat \u00e7ekti"},"content":{"rendered":"<p>Bakanl\u0131k yay\u0131nlad\u0131\u011f\u0131 ve SANA\u2019n\u0131n bir n\u00fcshas\u0131n\u0131 ald\u0131\u011f\u0131 beyan\u0131nda Suriye&#8217;nin Pakistan halk\u0131 ve h\u00fck\u00fcmetiyle dayan\u0131\u015fmas\u0131n\u0131 ifade ederken, kimi devletlerin destekledi\u011fi ya da siyasi \u00f6rt\u00fc temin ettikleri tekfirci ter\u00f6re kar\u015f\u0131 ciddi ve d\u00fcr\u00fcst m\u00fccadele \u00e7abalar\u0131n\u0131n birle\u015ftirilip yo\u011funla\u015ft\u0131r\u0131lmas\u0131n\u0131n bir kez daha gereklilik dayatt\u0131\u011f\u0131na dikkat \u00e7ekti<\/p>\n","protected":false},"excerpt":{"rendered":"<p>Bakanl\u0131k yay\u0131nlad\u0131\u011f\u0131 ve SANA\u2019n\u0131n bir n\u00fcshas\u0131n\u0131 ald\u0131\u011f\u0131 beyan\u0131nda Suriye&#8217;nin Pakistan halk\u0131 ve h\u00fck\u00fcmetiyle dayan\u0131\u015fmas\u0131n\u0131 ifade ederken, kimi devletlerin destekledi\u011fi ya da siyasi \u00f6rt\u00fc temin ettikleri tekfirci ter\u00f6re kar\u015f\u0131 ciddi ve d\u00fcr\u00fcst m\u00fccadele \u00e7abalar\u0131n\u0131n birle\u015ftirilip yo\u011funla\u015ft\u0131r\u0131lmas\u0131n\u0131n bir kez daha gereklilik dayatt\u0131\u011f\u0131na dikkat \u00e7ekti<\/p>\n","protected":false},"author":1,"featured_media":0,"comment_status":"closed","ping_status":"closed","sticky":false,"template":"","format":"standard","meta":{"footnotes":""},"categories":[17991],"tags":[],"class_list":["post-66875","post","type-post","status-publish","format-standard","","category-son-dakika"],"_links":{"self":[{"href":"https:\/\/archive.sana.sy\/tr\/index.php?rest_route=\/wp\/v2\/posts\/66875","targetHints":{"allow":["GET"]}}],"collection":[{"href":"https:\/\/archive.sana.sy\/tr\/index.php?rest_route=\/wp\/v2\/posts"}],"about":[{"href":"https:\/\/archive.sana.sy\/tr\/index.php?rest_route=\/wp\/v2\/types\/post"}],"author":[{"embeddable":true,"href":"https:\/\/archive.sana.sy\/tr\/index.php?rest_route=\/wp\/v2\/users\/1"}],"replies":[{"embeddable":true,"href":"https:\/\/archive.sana.sy\/tr\/index.php?rest_route=%2Fwp%2Fv2%2Fcomments&post=66875"}],"version-history":[{"count":0,"href":"https:\/\/archive.sana.sy\/tr\/index.php?rest_route=\/wp\/v2\/posts\/66875\/revisions"}],"wp:attachment":[{"href":"https:\/\/archive.sana.sy\/tr\/index.php?rest_route=%2Fwp%2Fv2%2Fmedia&parent=66875"}],"wp:term":[{"taxonomy":"category","embeddable":true,"href":"https:\/\/archive.sana.sy\/tr\/index.php?rest_route=%2Fwp%2Fv2%2Fcategories&post=66875"},{"taxonomy":"post_tag","embeddable":true,"href":"https:\/\/archive.sana.sy\/tr\/index.php?rest_route=%2Fwp%2Fv2%2Ftags&post=66875"}],"curies":[{"name":"wp","href":"https:\/\/api.w.org\/{rel}","templated":true}]}}