{"id":66883,"date":"2016-03-28T15:20:52","date_gmt":"2016-03-28T12:20:52","guid":{"rendered":"http:\/\/www.sana.sy\/tr\/?p=66883"},"modified":"2016-03-29T16:40:49","modified_gmt":"2016-03-29T13:40:49","slug":"isid-ve-nusra-cephesine-operasyonlar-devam-ediyor","status":"publish","type":"post","link":"https:\/\/archive.sana.sy\/tr\/?p=66883","title":{"rendered":"I\u015e\u0130D ve Nusra Cephesine Operasyonlar Devam Ediyor (video)"},"content":{"rendered":"<p>\u0130LLER \u2013 Ordu birliklerimiz vatan ve vatanda\u015flar\u0131 ter\u00f6re kar\u015f\u0131 savunma g\u00f6revini azim ve duyarl\u0131l\u0131kla s\u00fcrd\u00fcr\u00fcrlerken Nusra Cephesi ve I\u015e\u0130D ter\u00f6r \u00f6rg\u00fctlerine kar\u015f\u0131 operasyonlar\u0131na devam ediyor.<\/p>\n<p><span style=\"color: #0000ff\">HAMA:<\/span><\/p>\n<p>SANA\u2019ya a\u00e7\u0131klama yapan askeri kaynak ordu birliklerimizin Hama k\u0131rsal\u0131n\u0131n kuzeybat\u0131s\u0131 Mansura K\u00f6y\u00fcnde Nusra Cephesinin toplanma yerleri ve karargahlar\u0131n\u0131 nitelikli operasyonlarla hedef ald\u0131klar\u0131n\u0131 belirtti. Kaynak \u011eab Vadisine d\u00fc\u015fen k\u00f6y\u00fcn bat\u0131 mahallesinde bir top ve civar\u0131nda bulunan ter\u00f6ristlerin imha edildi\u011fini s\u00f6yledi.<\/p>\n<p>https:\/\/www.youtube.com\/watch?v=5t-6v48t_BQ<\/p>\n<p><span style=\"color: #0000ff\">DEYREZZOR:<\/span><\/p>\n<p>Deyrezzor k\u0131rsal\u0131n\u0131n Meyadin ve A\u015f\u015fara kentlerinde ise Halk Direni\u015f G\u00fc\u00e7leri I\u015e\u0130D tekfircilerinden 9 ter\u00f6risti \u00f6ld\u00fcrd\u00fc.<\/p>\n<p>B\u00f6lgeden yerel kaynaklar SANA\u2019ya a\u00e7\u0131klamalar\u0131nda Halk Direni\u015f G\u00fc\u00e7lerinin Deyrezzor Kentinin yakla\u015f\u0131k 45 km g\u00fcneydo\u011fusuna d\u00fc\u015fen Meyadin Kentinde I\u015e\u0130D\u2019li bir ter\u00f6r grubunu pusuya d\u00fc\u015f\u00fcrd\u00fcklerini ve tamam\u0131 yabanc\u0131lardan olu\u015fan 4 ter\u00f6risti \u00f6ld\u00fcrd\u00fcklerini s\u00f6yledi.<\/p>\n<p>Kaynaklar Deyrezzor Kentinin yakla\u015f\u0131k 65 km do\u011fusuna d\u00fc\u015fen A\u015f\u015fara Kentinde ise Halk Direni\u015f G\u00fc\u00e7lerinin I\u015e\u0130D\u2019li \u00e7etelerin bir toplanma yerine operasyon d\u00fczenlediklerini belirtti. Operasyonda 5 ter\u00f6ristin \u00f6ld\u00fcr\u00fcld\u00fc\u011f\u00fcn\u00fc s\u00f6yleyen kaynaklar, 3\u2019\u00fcn\u00fcn Suudi Arabistanl\u0131 olduklar\u0131na dikkat \u00e7ekti.<\/p>\n","protected":false},"excerpt":{"rendered":"<p>\u0130LLER \u2013 Ordu birliklerimiz vatan ve vatanda\u015flar\u0131 ter\u00f6re kar\u015f\u0131 savunma g\u00f6revini azim ve duyarl\u0131l\u0131kla s\u00fcrd\u00fcr\u00fcrlerken Nusra Cephesi ve I\u015e\u0130D ter\u00f6r \u00f6rg\u00fctlerine kar\u015f\u0131 operasyonlar\u0131na devam ediyor. HAMA: SANA\u2019ya a\u00e7\u0131klama yapan askeri kaynak ordu birliklerimizin Hama k\u0131rsal\u0131n\u0131n kuzeybat\u0131s\u0131 Mansura K\u00f6y\u00fcnde Nusra Cephesinin toplanma yerleri ve karargahlar\u0131n\u0131 nitelikli operasyonlarla hedef ald\u0131klar\u0131n\u0131 belirtti. Kaynak \u011eab Vadisine d\u00fc\u015fen k\u00f6y\u00fcn bat\u0131 &hellip;<\/p>\n","protected":false},"author":1,"featured_media":66892,"comment_status":"closed","ping_status":"closed","sticky":false,"template":"","format":"standard","meta":{"footnotes":""},"categories":[575],"tags":[18237,20145,15945,20076,19209,20146,11549,17320,7657],"class_list":["post-66883","post","type-post","status-publish","format-standard","has-post-thumbnail","","category-olaylar-ve-gercekler","tag-cihatcilar","tag-isid-ve-nusra-cephesine-operasyonlar-devam-ediyor","tag-ilimli-muhalifler","tag-mucahitler","tag-radikaller","tag-silahsli-muhalifler","tag-suriye-ordusu","tag-tekfirciler","tag-teror-orgutleri"],"_links":{"self":[{"href":"https:\/\/archive.sana.sy\/tr\/index.php?rest_route=\/wp\/v2\/posts\/66883","targetHints":{"allow":["GET"]}}],"collection":[{"href":"https:\/\/archive.sana.sy\/tr\/index.php?rest_route=\/wp\/v2\/posts"}],"about":[{"href":"https:\/\/archive.sana.sy\/tr\/index.php?rest_route=\/wp\/v2\/types\/post"}],"author":[{"embeddable":true,"href":"https:\/\/archive.sana.sy\/tr\/index.php?rest_route=\/wp\/v2\/users\/1"}],"replies":[{"embeddable":true,"href":"https:\/\/archive.sana.sy\/tr\/index.php?rest_route=%2Fwp%2Fv2%2Fcomments&post=66883"}],"version-history":[{"count":0,"href":"https:\/\/archive.sana.sy\/tr\/index.php?rest_route=\/wp\/v2\/posts\/66883\/revisions"}],"wp:featuredmedia":[{"embeddable":true,"href":"https:\/\/archive.sana.sy\/tr\/index.php?rest_route=\/wp\/v2\/media\/66892"}],"wp:attachment":[{"href":"https:\/\/archive.sana.sy\/tr\/index.php?rest_route=%2Fwp%2Fv2%2Fmedia&parent=66883"}],"wp:term":[{"taxonomy":"category","embeddable":true,"href":"https:\/\/archive.sana.sy\/tr\/index.php?rest_route=%2Fwp%2Fv2%2Fcategories&post=66883"},{"taxonomy":"post_tag","embeddable":true,"href":"https:\/\/archive.sana.sy\/tr\/index.php?rest_route=%2Fwp%2Fv2%2Ftags&post=66883"}],"curies":[{"name":"wp","href":"https:\/\/api.w.org\/{rel}","templated":true}]}}