{"id":6689,"date":"2014-08-07T10:25:09","date_gmt":"2014-08-07T07:25:09","guid":{"rendered":"http:\/\/www.sana.sy\/tr\/?p=6689"},"modified":"2014-08-07T10:25:09","modified_gmt":"2014-08-07T07:25:09","slug":"hariri-ordusunu-desteklemek-yerine-suudi-rejiminin-sozcusu-olmayi-yegler","status":"publish","type":"post","link":"https:\/\/archive.sana.sy\/tr\/?p=6689","title":{"rendered":"Hariri Ordusunu Desteklemek Yerine Suudi Rejiminin S\u00f6zc\u00fcs\u00fc Olmay\u0131 Ye\u011fler"},"content":{"rendered":"<p>\u015eAM \u2013 Ge\u00e7ici H\u00fck\u00fcmette Enformasyon Bakan\u0131 Umran el Zubi d\u00fcn gazetecilerin sorular\u0131na cevaben, Saad el Hariri\u2019nin Suudi rejiminin s\u00f6ylediklerini tekrarlayan bir papa\u011fan oldu\u011funu, s\u00f6zlerinin ise cevap verilmesini gerektirmeyen bo\u015f s\u00f6z oldu\u011funu belirtti.<\/p>\n<p>Zubi, Hariri\u2019nin \u00fclkesinin ordusunu ter\u00f6re kar\u015f\u0131 desteklemesi yerine Suudi rejiminin s\u00f6zc\u00fcs\u00fc olmay\u0131 ye\u011fledi\u011fini ifade etti.<\/p>\n<p>Zubi, Arsal\u2019da cereyan edenlerin ge\u00e7en y\u0131llar boyunca Hariri\u2019nin davran\u0131\u015flar\u0131 \u00fczerindeki \u00f6rt\u00fcy\u00fc kald\u0131rd\u0131\u011f\u0131n\u0131 ve genel olarak b\u00f6lgede uluslararas\u0131 ter\u00f6r\u00fcn ba\u015f\u0131n\u0131 \u00e7ekmede \u00f6n saftaki mevkiini ortaya \u00e7\u0131kard\u0131\u011f\u0131na i\u015faret etti.<\/p>\n<p>Zubi, Haririnin kiral\u0131k adamlar\u0131n\u0131n Suriye ve b\u00f6lgede ter\u00f6r\u00fc desteklemekle ba\u015flad\u0131klar\u0131n\u0131 ve Suriye devletinin elindeki delil ve kesin kan\u0131tlar gere\u011fince halen bunun bir par\u00e7as\u0131 olduklar\u0131n\u0131 s\u00f6yledi.<\/p>\n<p>&nbsp;<\/p>\n","protected":false},"excerpt":{"rendered":"<p>\u015eAM \u2013 Ge\u00e7ici H\u00fck\u00fcmette Enformasyon Bakan\u0131 Umran el Zubi d\u00fcn gazetecilerin sorular\u0131na cevaben, Saad el Hariri\u2019nin Suudi rejiminin s\u00f6ylediklerini tekrarlayan bir papa\u011fan oldu\u011funu, s\u00f6zlerinin ise cevap verilmesini gerektirmeyen bo\u015f s\u00f6z oldu\u011funu belirtti. Zubi, Hariri\u2019nin \u00fclkesinin ordusunu ter\u00f6re kar\u015f\u0131 desteklemesi yerine Suudi rejiminin s\u00f6zc\u00fcs\u00fc olmay\u0131 ye\u011fledi\u011fini ifade etti. Zubi, Arsal\u2019da cereyan edenlerin ge\u00e7en y\u0131llar boyunca Hariri\u2019nin &hellip;<\/p>\n","protected":false},"author":1,"featured_media":6690,"comment_status":"closed","ping_status":"closed","sticky":false,"template":"","format":"standard","meta":{"footnotes":""},"categories":[447],"tags":[1502],"class_list":["post-6689","post","type-post","status-publish","format-standard","has-post-thumbnail","","category-politika","tag-hariri-ordusunu-desteklemek-yerine-suudi-rejiminin-sozcusu-olmayi-yegler"],"_links":{"self":[{"href":"https:\/\/archive.sana.sy\/tr\/index.php?rest_route=\/wp\/v2\/posts\/6689","targetHints":{"allow":["GET"]}}],"collection":[{"href":"https:\/\/archive.sana.sy\/tr\/index.php?rest_route=\/wp\/v2\/posts"}],"about":[{"href":"https:\/\/archive.sana.sy\/tr\/index.php?rest_route=\/wp\/v2\/types\/post"}],"author":[{"embeddable":true,"href":"https:\/\/archive.sana.sy\/tr\/index.php?rest_route=\/wp\/v2\/users\/1"}],"replies":[{"embeddable":true,"href":"https:\/\/archive.sana.sy\/tr\/index.php?rest_route=%2Fwp%2Fv2%2Fcomments&post=6689"}],"version-history":[{"count":0,"href":"https:\/\/archive.sana.sy\/tr\/index.php?rest_route=\/wp\/v2\/posts\/6689\/revisions"}],"wp:featuredmedia":[{"embeddable":true,"href":"https:\/\/archive.sana.sy\/tr\/index.php?rest_route=\/wp\/v2\/media\/6690"}],"wp:attachment":[{"href":"https:\/\/archive.sana.sy\/tr\/index.php?rest_route=%2Fwp%2Fv2%2Fmedia&parent=6689"}],"wp:term":[{"taxonomy":"category","embeddable":true,"href":"https:\/\/archive.sana.sy\/tr\/index.php?rest_route=%2Fwp%2Fv2%2Fcategories&post=6689"},{"taxonomy":"post_tag","embeddable":true,"href":"https:\/\/archive.sana.sy\/tr\/index.php?rest_route=%2Fwp%2Fv2%2Ftags&post=6689"}],"curies":[{"name":"wp","href":"https:\/\/api.w.org\/{rel}","templated":true}]}}