{"id":66897,"date":"2016-03-28T15:46:24","date_gmt":"2016-03-28T12:46:24","guid":{"rendered":"http:\/\/www.sana.sy\/tr\/?p=66897"},"modified":"2016-03-29T16:23:12","modified_gmt":"2016-03-29T13:23:12","slug":"terore-karsi-durust-ve-etkin-bir-mucadelenin-geregini-yineledi","status":"publish","type":"post","link":"https:\/\/archive.sana.sy\/tr\/?p=66897","title":{"rendered":"Ter\u00f6re Kar\u015f\u0131 D\u00fcr\u00fcst ve Etkin Bir M\u00fccadelenin Gere\u011fini Yineledi"},"content":{"rendered":"<p>\u015eAM \u2013 D\u0131\u015fi\u015fleri ve Gurbet\u00e7iler Bakanl\u0131\u011f\u0131 Suriye Arap Cumhuriyetinin Pakistan\u2019\u0131n Lahor Kentinde meydana gelen ter\u00f6r sald\u0131r\u0131s\u0131n\u0131 \u015fiddetle k\u0131nad\u0131\u011f\u0131n\u0131 belirtirken, bu korkak eylemde kurban giden sivil insanlar\u0131n ailelerinin ac\u0131lar\u0131n\u0131 payla\u015ft\u0131\u011f\u0131n\u0131 ifade etti.<\/p>\n<p>Bakanl\u0131k bug\u00fcn yay\u0131nlad\u0131\u011f\u0131 ve SANA\u2019n\u0131n bir n\u00fcshas\u0131n\u0131 ald\u0131\u011f\u0131 beyan\u0131nda Suriye&#8217;nin Pakistan halk\u0131 ve h\u00fck\u00fcmetiyle dayan\u0131\u015fmas\u0131n\u0131 ifade ederken, kimi devletlerin destekledi\u011fi ya da siyasi \u00f6rt\u00fc temin ettikleri tekfirci ter\u00f6re kar\u015f\u0131 ciddi ve d\u00fcr\u00fcst m\u00fccadele \u00e7abalar\u0131n\u0131n birle\u015ftirilip yo\u011funla\u015ft\u0131r\u0131lmas\u0131n\u0131n bir kez daha gereklilik dayatt\u0131\u011f\u0131na dikkat \u00e7ekti.<\/p>\n<p>Bakanl\u0131k ter\u00f6rle m\u00fccadeleye ili\u015fkin BM ve G\u00fcvenlik Konseyi kararlar\u0131n\u0131n tarafs\u0131z, ciddi ve d\u00fcr\u00fcst bir \u015fekilde uygulanmalar\u0131, ter\u00f6r\u00fc herhangi bir \u015fekilde destekleyen devletlerin bu desteklerini kesmelerine zorlanmalar\u0131 \u00f6neminin bir kez daha alt\u0131n\u0131 \u00e7izdi.<\/p>\n<p>Pakistan\u2019\u0131n Lahor Kentinde d\u00fcn intihar eylemcisi tekfirci bir ter\u00f6ristin ger\u00e7ekle\u015ftirdi\u011fi ter\u00f6r sald\u0131r\u0131s\u0131nda geneli \u00e7ocuk ve kad\u0131nlardan olu\u015fan 65 ki\u015fi \u00f6l\u00fc, 280\u2019den fazla ki\u015fi de yaral\u0131 d\u00fc\u015fm\u00fc\u015flerdi.<\/p>\n","protected":false},"excerpt":{"rendered":"<p>\u015eAM \u2013 D\u0131\u015fi\u015fleri ve Gurbet\u00e7iler Bakanl\u0131\u011f\u0131 Suriye Arap Cumhuriyetinin Pakistan\u2019\u0131n Lahor Kentinde meydana gelen ter\u00f6r sald\u0131r\u0131s\u0131n\u0131 \u015fiddetle k\u0131nad\u0131\u011f\u0131n\u0131 belirtirken, bu korkak eylemde kurban giden sivil insanlar\u0131n ailelerinin ac\u0131lar\u0131n\u0131 payla\u015ft\u0131\u011f\u0131n\u0131 ifade etti. Bakanl\u0131k bug\u00fcn yay\u0131nlad\u0131\u011f\u0131 ve SANA\u2019n\u0131n bir n\u00fcshas\u0131n\u0131 ald\u0131\u011f\u0131 beyan\u0131nda Suriye&#8217;nin Pakistan halk\u0131 ve h\u00fck\u00fcmetiyle dayan\u0131\u015fmas\u0131n\u0131 ifade ederken, kimi devletlerin destekledi\u011fi ya da siyasi \u00f6rt\u00fc &hellip;<\/p>\n","protected":false},"author":1,"featured_media":58242,"comment_status":"closed","ping_status":"closed","sticky":false,"template":"","format":"standard","meta":{"footnotes":""},"categories":[479,17988,478],"tags":[2621,10970],"class_list":["post-66897","post","type-post","status-publish","format-standard","has-post-thumbnail","","category-haberler-yerel","category-son-haberler","category-yerel","tag-disisleri-ve-gurbetciler-bakanligi","tag-kinama"],"_links":{"self":[{"href":"https:\/\/archive.sana.sy\/tr\/index.php?rest_route=\/wp\/v2\/posts\/66897","targetHints":{"allow":["GET"]}}],"collection":[{"href":"https:\/\/archive.sana.sy\/tr\/index.php?rest_route=\/wp\/v2\/posts"}],"about":[{"href":"https:\/\/archive.sana.sy\/tr\/index.php?rest_route=\/wp\/v2\/types\/post"}],"author":[{"embeddable":true,"href":"https:\/\/archive.sana.sy\/tr\/index.php?rest_route=\/wp\/v2\/users\/1"}],"replies":[{"embeddable":true,"href":"https:\/\/archive.sana.sy\/tr\/index.php?rest_route=%2Fwp%2Fv2%2Fcomments&post=66897"}],"version-history":[{"count":0,"href":"https:\/\/archive.sana.sy\/tr\/index.php?rest_route=\/wp\/v2\/posts\/66897\/revisions"}],"wp:featuredmedia":[{"embeddable":true,"href":"https:\/\/archive.sana.sy\/tr\/index.php?rest_route=\/wp\/v2\/media\/58242"}],"wp:attachment":[{"href":"https:\/\/archive.sana.sy\/tr\/index.php?rest_route=%2Fwp%2Fv2%2Fmedia&parent=66897"}],"wp:term":[{"taxonomy":"category","embeddable":true,"href":"https:\/\/archive.sana.sy\/tr\/index.php?rest_route=%2Fwp%2Fv2%2Fcategories&post=66897"},{"taxonomy":"post_tag","embeddable":true,"href":"https:\/\/archive.sana.sy\/tr\/index.php?rest_route=%2Fwp%2Fv2%2Ftags&post=66897"}],"curies":[{"name":"wp","href":"https:\/\/api.w.org\/{rel}","templated":true}]}}