{"id":66901,"date":"2016-03-28T16:07:45","date_gmt":"2016-03-28T13:07:45","guid":{"rendered":"http:\/\/www.sana.sy\/tr\/?p=66901"},"modified":"2016-03-29T16:23:09","modified_gmt":"2016-03-29T13:23:09","slug":"kredi-tehlikesine-karsi-garanti-temin-eden-kanunname-onaylandi","status":"publish","type":"post","link":"https:\/\/archive.sana.sy\/tr\/?p=66901","title":{"rendered":"Kredi Tehlikesine Kar\u015f\u0131 Garanti Temin Eden Kanunname Onayland\u0131"},"content":{"rendered":"<p>\u015eAM \u2013 Cumhurba\u015fkan\u0131 Be\u015f\u015far el Esad bug\u00fcn k\u00fc\u00e7\u00fck ve orta \u00f6l\u00e7ekli yat\u0131r\u0131m projeleri i\u00e7in kredi tehlikelerine kar\u015f\u0131 garanti temin eden 2016\/12 say\u0131l\u0131 kanunnameyi onaylad\u0131.<\/p>\n<p>El Esad\u2019\u0131n onaylad\u0131\u011f\u0131 kanunname Halk Meclisinin 23-03-2016 tarihinde d\u00fczenledi\u011fi oturumda milletvekilleri taraf\u0131ndan tart\u0131\u015f\u0131l\u0131p oylamayla kabul edilmesi ard\u0131ndan anayasa kapsam\u0131nda onay i\u00e7in Cumhurba\u015fkanl\u0131\u011f\u0131na sevk edilmi\u015fti.<\/p>\n","protected":false},"excerpt":{"rendered":"<p>\u015eAM \u2013 Cumhurba\u015fkan\u0131 Be\u015f\u015far el Esad bug\u00fcn k\u00fc\u00e7\u00fck ve orta \u00f6l\u00e7ekli yat\u0131r\u0131m projeleri i\u00e7in kredi tehlikelerine kar\u015f\u0131 garanti temin eden 2016\/12 say\u0131l\u0131 kanunnameyi onaylad\u0131. El Esad\u2019\u0131n onaylad\u0131\u011f\u0131 kanunname Halk Meclisinin 23-03-2016 tarihinde d\u00fczenledi\u011fi oturumda milletvekilleri taraf\u0131ndan tart\u0131\u015f\u0131l\u0131p oylamayla kabul edilmesi ard\u0131ndan anayasa kapsam\u0131nda onay i\u00e7in Cumhurba\u015fkanl\u0131\u011f\u0131na sevk edilmi\u015fti.<\/p>\n","protected":false},"author":1,"featured_media":64924,"comment_status":"closed","ping_status":"closed","sticky":false,"template":"","format":"standard","meta":{"footnotes":""},"categories":[485,486,605,17988,612,599],"tags":[17256,19845,20152,20153,20154],"class_list":["post-66901","post","type-post","status-publish","format-standard","has-post-thumbnail","","category-is-ve-sermaye","category-haberler-is-ve-sermaye","category-sayin-cumhurbaskani","category-son-haberler","category-yasama-kararnameler","category-yasama-ve-kanunlar","tag-bessar-el-esad","tag-cumhurbaskanligi","tag-kredi-garantisi","tag-kucuk-projeler","tag-orta-olcekli-projeler"],"_links":{"self":[{"href":"https:\/\/archive.sana.sy\/tr\/index.php?rest_route=\/wp\/v2\/posts\/66901","targetHints":{"allow":["GET"]}}],"collection":[{"href":"https:\/\/archive.sana.sy\/tr\/index.php?rest_route=\/wp\/v2\/posts"}],"about":[{"href":"https:\/\/archive.sana.sy\/tr\/index.php?rest_route=\/wp\/v2\/types\/post"}],"author":[{"embeddable":true,"href":"https:\/\/archive.sana.sy\/tr\/index.php?rest_route=\/wp\/v2\/users\/1"}],"replies":[{"embeddable":true,"href":"https:\/\/archive.sana.sy\/tr\/index.php?rest_route=%2Fwp%2Fv2%2Fcomments&post=66901"}],"version-history":[{"count":0,"href":"https:\/\/archive.sana.sy\/tr\/index.php?rest_route=\/wp\/v2\/posts\/66901\/revisions"}],"wp:featuredmedia":[{"embeddable":true,"href":"https:\/\/archive.sana.sy\/tr\/index.php?rest_route=\/wp\/v2\/media\/64924"}],"wp:attachment":[{"href":"https:\/\/archive.sana.sy\/tr\/index.php?rest_route=%2Fwp%2Fv2%2Fmedia&parent=66901"}],"wp:term":[{"taxonomy":"category","embeddable":true,"href":"https:\/\/archive.sana.sy\/tr\/index.php?rest_route=%2Fwp%2Fv2%2Fcategories&post=66901"},{"taxonomy":"post_tag","embeddable":true,"href":"https:\/\/archive.sana.sy\/tr\/index.php?rest_route=%2Fwp%2Fv2%2Ftags&post=66901"}],"curies":[{"name":"wp","href":"https:\/\/api.w.org\/{rel}","templated":true}]}}