{"id":6695,"date":"2014-08-07T10:15:40","date_gmt":"2014-08-07T07:15:40","guid":{"rendered":"http:\/\/www.sana.sy\/tr\/?p=6695"},"modified":"2014-08-07T11:51:35","modified_gmt":"2014-08-07T08:51:35","slug":"caferi-filistin-halkinin-topraklarini-kurtarmaya-ihtiyaci-var","status":"publish","type":"post","link":"https:\/\/archive.sana.sy\/tr\/?p=6695","title":{"rendered":"Caferi: Filistin Halk\u0131n\u0131n Topraklar\u0131n\u0131 Kurtarmaya \u0130htiyac\u0131 Var"},"content":{"rendered":"<p>NEW YORK \u2013 Suriye\u2019nin Birle\u015fmi\u015f Milletlerdeki daimi temsilci Be\u015f\u015far Caferi, Filistin halk\u0131n\u0131n ihtiya\u00e7 duydu\u011fu \u015feyin \u0130\u015fgalci \u0130srail sald\u0131r\u0131lar\u0131ndan sonra meydana gelen masum kurbanlar\u0131n\u0131 sayma, b\u00fcy\u00fck hasarlar\u0131n\u0131 ve zararlar\u0131n\u0131n hacmini belirlemek de\u011fil bilakis \u0130srail taraf\u0131ndan i\u015fgal edilen topraklar\u0131n\u0131 kurtarmak ve b\u00fct\u00fcn d\u00fcnya halklar\u0131 gibi na\u00e7iz istiklalini sa\u011flamak ve gelece\u011fini belirlemek oldu\u011funu belirtti.<\/p>\n<p>BM Genel Kurulu \u00f6n\u00fcnde Gazze ile ilgili yapt\u0131\u011f\u0131 konu\u015fmada Caferi, genel kurulun izledi\u011fi \u00e7ifte standartl\u0131l\u0131k politikas\u0131n\u0131 garipsedi\u011fini dile getirerek BM\u2019nin bir ka\u00e7 bin n\u00fcfuslu ve istiklaline kavu\u015fmayan bir toprakta s\u00f6m\u00fcrgecili\u011fi bitirmek i\u00e7in her zaman nas\u0131l kararlar ald\u0131\u011f\u0131n\u0131 \u00f6te yandan ayn\u0131 kurulun milyonlarca Filistinlinin vatanlar\u0131 \u00fczerinde kendi geleceklerini kendilerinin belirlemesi y\u00f6n\u00fcndeki me\u015fru haklar\u0131n\u0131 vermekten aciz kald\u0131\u011f\u0131na dikkat \u00e7ekti.<\/p>\n<p>Caferi, i\u015fgalci \u0130srail\u2019in Filistin halk\u0131na kar\u015f\u0131 i\u015fledi\u011fi insanl\u0131k d\u0131\u015f\u0131 katliam, sald\u0131r\u0131 ve sava\u015f su\u00e7lar\u0131n\u0131 baz\u0131 daimi \u00fcyelerin g\u00f6z ard\u0131 etmeyi s\u00fcrd\u00fcrd\u00fc\u011f\u00fc bir zamanda sivilleri koruma ve uluslararas\u0131 adaleti sa\u011flama zorunlulu\u011fu \u00fczerine att\u0131klar\u0131 iddialar\u0131 tekrarlama ve nifaklar\u0131n\u0131 s\u00fcrd\u00fcrmelerinin ay\u0131p oldu\u011funu vurgulad\u0131.<\/p>\n<p>Caferi, Gazze\u2019deki Filistin halk\u0131na y\u00f6nelik i\u015flenen \u0130srail katliamlar\u0131n\u0131n, \u00fcye \u00fclkeler ve \u00f6zellikle baz\u0131 Arap \u00fclkelerinin 2008 y\u0131l\u0131 sonu 2009 y\u0131l\u0131 ba\u015flar\u0131nda \u0130srail\u2019in Gazze\u2019ye sald\u0131r\u0131s\u0131 esnas\u0131nda olaylar\u0131 do\u011fru ve net bir \u015fekilde g\u00f6rm\u00fc\u015f olsalard\u0131 Gazze\u2019ye y\u00f6nelik sald\u0131r\u0131n\u0131n olmayaca\u011f\u0131n\u0131 ifade etti.<\/p>\n<p>Felaketlerle dolu tarihin tekerr\u00fcr etti\u011fini belirten Caferi, G\u00fcvenlik Konseyinin sorumluluklar\u0131n\u0131 yerine getirmekten aciz oldu\u011funa ve bunun baz\u0131 \u00fclkelerin Gazze\u2019ye y\u00f6nelik bir Arap \u00fclkesinin sundu\u011fu karar tasar\u0131s\u0131n\u0131 d\u00fc\u015f\u00fcrmekle \u00e7ifte standartl\u0131l\u0131k politikas\u0131 izledi\u011finin delili oldu\u011funa i\u015faret etti.<\/p>\n","protected":false},"excerpt":{"rendered":"<p>NEW YORK \u2013 Suriye\u2019nin Birle\u015fmi\u015f Milletlerdeki daimi temsilci Be\u015f\u015far Caferi, Filistin halk\u0131n\u0131n ihtiya\u00e7 duydu\u011fu \u015feyin \u0130\u015fgalci \u0130srail sald\u0131r\u0131lar\u0131ndan sonra meydana gelen masum kurbanlar\u0131n\u0131 sayma, b\u00fcy\u00fck hasarlar\u0131n\u0131 ve zararlar\u0131n\u0131n hacmini belirlemek de\u011fil bilakis \u0130srail taraf\u0131ndan i\u015fgal edilen topraklar\u0131n\u0131 kurtarmak ve b\u00fct\u00fcn d\u00fcnya halklar\u0131 gibi na\u00e7iz istiklalini sa\u011flamak ve gelece\u011fini belirlemek oldu\u011funu belirtti. BM Genel Kurulu \u00f6n\u00fcnde &hellip;<\/p>\n","protected":false},"author":1,"featured_media":6696,"comment_status":"closed","ping_status":"closed","sticky":false,"template":"","format":"standard","meta":{"footnotes":""},"categories":[458,459,447],"tags":[1503],"class_list":["post-6695","post","type-post","status-publish","format-standard","has-post-thumbnail","","category-dunya1","category-haberler-arap-uluslararasi-politika","category-politika","tag-caferi-filistin-halkinin-topraklarini-kurtarmaya-ihtiyaci-var"],"_links":{"self":[{"href":"https:\/\/archive.sana.sy\/tr\/index.php?rest_route=\/wp\/v2\/posts\/6695","targetHints":{"allow":["GET"]}}],"collection":[{"href":"https:\/\/archive.sana.sy\/tr\/index.php?rest_route=\/wp\/v2\/posts"}],"about":[{"href":"https:\/\/archive.sana.sy\/tr\/index.php?rest_route=\/wp\/v2\/types\/post"}],"author":[{"embeddable":true,"href":"https:\/\/archive.sana.sy\/tr\/index.php?rest_route=\/wp\/v2\/users\/1"}],"replies":[{"embeddable":true,"href":"https:\/\/archive.sana.sy\/tr\/index.php?rest_route=%2Fwp%2Fv2%2Fcomments&post=6695"}],"version-history":[{"count":0,"href":"https:\/\/archive.sana.sy\/tr\/index.php?rest_route=\/wp\/v2\/posts\/6695\/revisions"}],"wp:featuredmedia":[{"embeddable":true,"href":"https:\/\/archive.sana.sy\/tr\/index.php?rest_route=\/wp\/v2\/media\/6696"}],"wp:attachment":[{"href":"https:\/\/archive.sana.sy\/tr\/index.php?rest_route=%2Fwp%2Fv2%2Fmedia&parent=6695"}],"wp:term":[{"taxonomy":"category","embeddable":true,"href":"https:\/\/archive.sana.sy\/tr\/index.php?rest_route=%2Fwp%2Fv2%2Fcategories&post=6695"},{"taxonomy":"post_tag","embeddable":true,"href":"https:\/\/archive.sana.sy\/tr\/index.php?rest_route=%2Fwp%2Fv2%2Ftags&post=6695"}],"curies":[{"name":"wp","href":"https:\/\/api.w.org\/{rel}","templated":true}]}}