{"id":6698,"date":"2014-08-07T12:17:55","date_gmt":"2014-08-07T09:17:55","guid":{"rendered":"http:\/\/www.sana.sy\/tr\/?p=6698"},"modified":"2014-08-07T12:17:55","modified_gmt":"2014-08-07T09:17:55","slug":"ruhani-terorle-mucadele-savasinda-suriye-halkinin-yanindayiz","status":"publish","type":"post","link":"https:\/\/archive.sana.sy\/tr\/?p=6698","title":{"rendered":"Ruhani: Ter\u00f6rle M\u00fccadele Sava\u015f\u0131nda Suriye Halk\u0131n\u0131n Yan\u0131nday\u0131z"},"content":{"rendered":"<p>TAHRAN \u2013 \u0130ran Ba\u015fkan\u0131 Hasan Ruhani, \u00fclkesinin tekfiri ter\u00f6rist \u00f6rg\u00fctleri uluslararas\u0131 komplolar ve ter\u00f6ristlerle m\u00fccadele ve sava\u015f\u0131nda Suriye halk\u0131n\u0131n yan\u0131nda durdu\u011funu bir kez daha yineledi.<\/p>\n<p>\u0130ran Haber Ajans\u0131 \u0130RNA Ruhani\u2019nin d\u00fcn ak\u015fam Ciharmahal ve Bahtiyari kentlerinden din adamlar\u0131 ve ileri gelenlerle bir araya geli\u015finde yapt\u0131\u011f\u0131 konu\u015fmadan naklen, \u0130ran\u2019\u0131n ter\u00f6rle m\u00fccadelede Suriye, Irak ve L\u00fcbnan ile katil Siyonist varl\u0131\u011f\u0131n katliamlar\u0131yla m\u00fccadelesinde Filistin halk\u0131na destek veren b\u00f6lgedeki en b\u00fcy\u00fck g\u00fc\u00e7 oldu\u011funu s\u00f6yledi.<\/p>\n<p>Ruhani, \u0130ran h\u00fck\u00fcmetinin ter\u00f6rle m\u00fccadelede katiller nezdinde b\u00f6lge halklar\u0131na deste\u011fini devam ettirece\u011fini belirterek, b\u00fcy\u00fck s\u00f6m\u00fcrgeci g\u00fc\u00e7lerin \u0130ran ve orta do\u011fu \u00fclkelerine y\u00f6nelik komplolar\u0131na kar\u015f\u0131 her zaman teyakkuzda kal\u0131nmas\u0131 gere\u011fine \u00e7a\u011fr\u0131 yapt\u0131<br \/>\nRuhani, \u0130slam \u00fclkelerini kurtarman\u0131n tek yolunun birlik, beraberlik ve fedakarl\u0131k oldu\u011funu vurgulayarak manevi ve k\u00fclt\u00fcr y\u00f6n\u00fcnden her zaman g\u00fc\u00e7l\u00fc kalmalar\u0131 gerekti\u011fini ifade etti.<\/p>\n<p>Ruhani, temel mesaj\u0131n d\u00fc\u015f\u00fcn\u00fcr, din adamlar\u0131 ve ayd\u0131nlar\u0131n \u00fczerine d\u00fc\u015ft\u00fc\u011f\u00fcne i\u015faret etti.<\/p>\n","protected":false},"excerpt":{"rendered":"<p>TAHRAN \u2013 \u0130ran Ba\u015fkan\u0131 Hasan Ruhani, \u00fclkesinin tekfiri ter\u00f6rist \u00f6rg\u00fctleri uluslararas\u0131 komplolar ve ter\u00f6ristlerle m\u00fccadele ve sava\u015f\u0131nda Suriye halk\u0131n\u0131n yan\u0131nda durdu\u011funu bir kez daha yineledi. \u0130ran Haber Ajans\u0131 \u0130RNA Ruhani\u2019nin d\u00fcn ak\u015fam Ciharmahal ve Bahtiyari kentlerinden din adamlar\u0131 ve ileri gelenlerle bir araya geli\u015finde yapt\u0131\u011f\u0131 konu\u015fmadan naklen, \u0130ran\u2019\u0131n ter\u00f6rle m\u00fccadelede Suriye, Irak ve L\u00fcbnan ile &hellip;<\/p>\n","protected":false},"author":1,"featured_media":6699,"comment_status":"closed","ping_status":"closed","sticky":false,"template":"","format":"standard","meta":{"footnotes":""},"categories":[458,459,447],"tags":[1504],"class_list":["post-6698","post","type-post","status-publish","format-standard","has-post-thumbnail","","category-dunya1","category-haberler-arap-uluslararasi-politika","category-politika","tag-ruhani-terorle-mucadele-savasinda-suriye-halkinin-yanindayiz"],"_links":{"self":[{"href":"https:\/\/archive.sana.sy\/tr\/index.php?rest_route=\/wp\/v2\/posts\/6698","targetHints":{"allow":["GET"]}}],"collection":[{"href":"https:\/\/archive.sana.sy\/tr\/index.php?rest_route=\/wp\/v2\/posts"}],"about":[{"href":"https:\/\/archive.sana.sy\/tr\/index.php?rest_route=\/wp\/v2\/types\/post"}],"author":[{"embeddable":true,"href":"https:\/\/archive.sana.sy\/tr\/index.php?rest_route=\/wp\/v2\/users\/1"}],"replies":[{"embeddable":true,"href":"https:\/\/archive.sana.sy\/tr\/index.php?rest_route=%2Fwp%2Fv2%2Fcomments&post=6698"}],"version-history":[{"count":0,"href":"https:\/\/archive.sana.sy\/tr\/index.php?rest_route=\/wp\/v2\/posts\/6698\/revisions"}],"wp:featuredmedia":[{"embeddable":true,"href":"https:\/\/archive.sana.sy\/tr\/index.php?rest_route=\/wp\/v2\/media\/6699"}],"wp:attachment":[{"href":"https:\/\/archive.sana.sy\/tr\/index.php?rest_route=%2Fwp%2Fv2%2Fmedia&parent=6698"}],"wp:term":[{"taxonomy":"category","embeddable":true,"href":"https:\/\/archive.sana.sy\/tr\/index.php?rest_route=%2Fwp%2Fv2%2Fcategories&post=6698"},{"taxonomy":"post_tag","embeddable":true,"href":"https:\/\/archive.sana.sy\/tr\/index.php?rest_route=%2Fwp%2Fv2%2Ftags&post=6698"}],"curies":[{"name":"wp","href":"https:\/\/api.w.org\/{rel}","templated":true}]}}