{"id":67007,"date":"2016-03-29T16:40:44","date_gmt":"2016-03-29T13:40:44","guid":{"rendered":"http:\/\/sana.sy\/tr\/?p=67007"},"modified":"2016-03-30T16:41:46","modified_gmt":"2016-03-30T13:41:46","slug":"hain-ve-tekfirciler-bircok-bolgede-siki-cembere-alindilar-2","status":"publish","type":"post","link":"https:\/\/archive.sana.sy\/tr\/?p=67007","title":{"rendered":"Hain ve Tekfirciler Bir\u00e7ok B\u00f6lgede S\u0131k\u0131 \u00c7embere Al\u0131nd\u0131lar (video)"},"content":{"rendered":"<p>HOMS \u2013 Tekfirci, hain ve kiral\u0131k ter\u00f6r \u00e7etelere y\u00f6nelik operasyonlar\u0131n\u0131 muhtelif b\u00f6lgelerde ba\u015far\u0131yla s\u00fcrd\u00fcren vatan koruyucular\u0131m\u0131z bir\u00e7ok b\u00f6lgede say\u0131 ve te\u00e7hizatlar\u0131yla a\u011f\u0131r kay\u0131plara u\u011fratmaya devam ediyor.<\/p>\n<p>SANA\u2019ya a\u00e7\u0131klamas\u0131nda askeri bir kaynak; hava g\u00fc\u00e7lerimizin Homs \u0130line tabi Tedmur k\u0131rsal\u0131n\u0131n do\u011fusunda I\u015e\u0130D ter\u00f6r \u00f6rg\u00fct\u00fcne tabi karargah ve hareket eksenlerine y\u00f6nelik hava operasyonlar\u0131 ger\u00e7ekle\u015ftirdiklerini beyan etti. Kaynak; operasyonlarda \u00e7ok say\u0131da ter\u00f6ristin \u00f6l\u00fc ve yaral\u0131 d\u00fc\u015f\u00fcr\u00fcl\u00fcp bir k\u0131sm\u0131 a\u011f\u0131r makineli silahlarla donat\u0131lm\u0131\u015f ara\u00e7lar\u0131n\u0131n yan\u0131 s\u0131ra silah ve m\u00fchimmatlar\u0131n\u0131n da yok edildi\u011fine dikkat \u00e7ekti.<\/p>\n<p>Hava g\u00fc\u00e7lerimizin Homs Kentinin yakla\u015f\u0131k 80 km do\u011fusuna d\u00fc\u015fen Cub el Cerrah Nahiyesine tabi Tafha K\u00f6y\u00fcn\u00fcn g\u00fcneyinde I\u015e\u0130D\u2019in toplanma yerleri ve mevkilerini hedef ald\u0131klar\u0131n\u0131 belirten kaynak; tekfircilerin saflar\u0131nda a\u011f\u0131r kay\u0131plara yol a\u00e7t\u0131klar\u0131n\u0131 s\u00f6zlerine ekledi.<\/p>\n<p>Kaynak; Homs k\u0131rsal\u0131n\u0131n g\u00fcneydo\u011fusu Busayri K\u00f6y\u00fc ve Karyeteyn Kentinin \u00e7evresinde de hava g\u00fc\u00e7lerimizin I\u015e\u0130D\u2019in yuva ve k\u00fcmelenme yerlerini yo\u011fun ate\u015fe tutmalar\u0131 sonucunda siper ve ara\u00e7lar\u0131n\u0131 y\u00fckleriyle birlikte yok ettiklerini aktard\u0131.<\/p>\n<p>G\u00fcn\u00fcn ilerleyen saatlerinde a\u00e7\u0131klama yapan bir kaynak; ordu birliklerimizin Halk Savunma G\u00fc\u00e7leriyle i\u015fbirli\u011fi i\u00e7inde Homs k\u0131rsal\u0131n\u0131n g\u00fcneydo\u011fusu Karyeteyn Kenti civar\u0131nda bulunan 861 Noktas\u0131 ve g\u00fcney \u00e7iftliklerini I\u015e\u0130D tekfircilerinden temizleyerek kontrollerine ge\u00e7irdiklerini ifade etti.<\/p>\n<p>Bu arada saha kaynaklar\u0131 ordu birliklerimizin Homs k\u0131rsal\u0131n\u0131n g\u00fcneydo\u011fusu Karyeteyn Kentinden Orta Hazm S\u0131rada\u011flar\u0131n\u0131n Bat\u0131 Hazm Da\u011f\u0131nda bulunan askeri noktalara I\u015e\u0130D ter\u00f6r \u00f6rg\u00fct\u00fcnden bir grubun s\u0131zma giri\u015fimini \u00e7\u00f6kerttiklerini aktar\u0131rken; biri bombal\u0131 3 arac\u0131 imha ettiklerini s\u00f6yledi.<\/p>\n<p>https:\/\/www.youtube.com\/watch?v=ABEd4igh6ks<\/p>\n<p>https:\/\/www.youtube.com\/watch?v=Veho_Tn_JhY<\/p>\n","protected":false},"excerpt":{"rendered":"<p>HOMS \u2013 Tekfirci, hain ve kiral\u0131k ter\u00f6r \u00e7etelere y\u00f6nelik operasyonlar\u0131n\u0131 muhtelif b\u00f6lgelerde ba\u015far\u0131yla s\u00fcrd\u00fcren vatan koruyucular\u0131m\u0131z bir\u00e7ok b\u00f6lgede say\u0131 ve te\u00e7hizatlar\u0131yla a\u011f\u0131r kay\u0131plara u\u011fratmaya devam ediyor. SANA\u2019ya a\u00e7\u0131klamas\u0131nda askeri bir kaynak; hava g\u00fc\u00e7lerimizin Homs \u0130line tabi Tedmur k\u0131rsal\u0131n\u0131n do\u011fusunda I\u015e\u0130D ter\u00f6r \u00f6rg\u00fct\u00fcne tabi karargah ve hareket eksenlerine y\u00f6nelik hava operasyonlar\u0131 ger\u00e7ekle\u015ftirdiklerini beyan etti. Kaynak; operasyonlarda &hellip;<\/p>\n","protected":false},"author":1,"featured_media":67008,"comment_status":"closed","ping_status":"closed","sticky":false,"template":"","format":"standard","meta":{"footnotes":""},"categories":[575],"tags":[],"class_list":["post-67007","post","type-post","status-publish","format-standard","has-post-thumbnail","","category-olaylar-ve-gercekler"],"_links":{"self":[{"href":"https:\/\/archive.sana.sy\/tr\/index.php?rest_route=\/wp\/v2\/posts\/67007","targetHints":{"allow":["GET"]}}],"collection":[{"href":"https:\/\/archive.sana.sy\/tr\/index.php?rest_route=\/wp\/v2\/posts"}],"about":[{"href":"https:\/\/archive.sana.sy\/tr\/index.php?rest_route=\/wp\/v2\/types\/post"}],"author":[{"embeddable":true,"href":"https:\/\/archive.sana.sy\/tr\/index.php?rest_route=\/wp\/v2\/users\/1"}],"replies":[{"embeddable":true,"href":"https:\/\/archive.sana.sy\/tr\/index.php?rest_route=%2Fwp%2Fv2%2Fcomments&post=67007"}],"version-history":[{"count":0,"href":"https:\/\/archive.sana.sy\/tr\/index.php?rest_route=\/wp\/v2\/posts\/67007\/revisions"}],"wp:featuredmedia":[{"embeddable":true,"href":"https:\/\/archive.sana.sy\/tr\/index.php?rest_route=\/wp\/v2\/media\/67008"}],"wp:attachment":[{"href":"https:\/\/archive.sana.sy\/tr\/index.php?rest_route=%2Fwp%2Fv2%2Fmedia&parent=67007"}],"wp:term":[{"taxonomy":"category","embeddable":true,"href":"https:\/\/archive.sana.sy\/tr\/index.php?rest_route=%2Fwp%2Fv2%2Fcategories&post=67007"},{"taxonomy":"post_tag","embeddable":true,"href":"https:\/\/archive.sana.sy\/tr\/index.php?rest_route=%2Fwp%2Fv2%2Ftags&post=67007"}],"curies":[{"name":"wp","href":"https:\/\/api.w.org\/{rel}","templated":true}]}}