{"id":6701,"date":"2014-08-07T14:40:13","date_gmt":"2014-08-07T11:40:13","guid":{"rendered":"http:\/\/www.sana.sy\/tr\/?p=6701"},"modified":"2014-08-08T16:07:44","modified_gmt":"2014-08-08T13:07:44","slug":"teroristler-masum-sivil-halki-hedef-almaya-devam-ediyor","status":"publish","type":"post","link":"https:\/\/archive.sana.sy\/tr\/?p=6701","title":{"rendered":"Ter\u00f6ristler Masum Sivil Halk\u0131 Hedef Almaya Devam Ediyor"},"content":{"rendered":"<p>\u015eAM \u2013 Hain ve Gaddar ter\u00f6ristler Abbasiler ve Yermuk Kamp\u0131na f\u0131rlatt\u0131klar\u0131 havan mermileri sonucunda 3 vatanda\u015f yaralan\u0131rken, maddi hasarlar da meydana geldi.<\/p>\n<p>Emniyet m\u00fcd\u00fcrl\u00fc\u011f\u00fc kayna\u011f\u0131 SANA\u2019ya a\u00e7\u0131klamas\u0131nda, ter\u00f6ristlerin f\u0131rlatt\u0131klar\u0131 havan mermilerinin 5\u2019nin\u00a0Abbasiler Meydan\u0131 ve Abbasiler Hastanesi civarlar\u0131nda d\u00fc\u015ft\u00fcklerini, bunun sonucunda da3 vatanda\u015f\u0131n yaraland\u0131\u011f\u0131n\u0131 ve b\u00f6lgelerde maddi hasar\u0131n olu\u015ftu\u011funu\u00a0s\u00f6yledi.<\/p>\n<p>Kaynak, 2\u00a0havan mermisinin Yermuk B\u00f6lgesinde\u00a0el Be\u015fir Camii yak\u0131n\u0131nda d\u00fc\u015ft\u00fc\u011f\u00fcn\u00fc ve hasarlar\u0131n sadece maddi oldu\u011funu ifade etti.<\/p>\n<p>\u00d6te yandan kaynak keskin ni\u015fanc\u0131 bir ter\u00f6ristin \u015eam \u2013 Homs otoban\u0131 \u00fczerinde \u015eam\u2019\u0131n \u00e7\u0131k\u0131\u015f\u0131nda Rheyba Petrol Ofisi kar\u015f\u0131s\u0131nda sivil bir araca ate\u015f a\u00e7mas\u0131 sonucunda ara\u00e7 \u015fof\u00f6r\u00fcn\u00fcn yaraland\u0131\u011f\u0131n\u0131 aktard\u0131. Kaynak ayn\u0131 b\u00f6lgede bir havan mermisinin d\u00fc\u015fmesi sonucunda da park halinde olan bir arac\u0131n yand\u0131\u011f\u0131n\u0131 s\u00f6yledi.<\/p>\n<p>Ter\u00f6ristlerin \u015eam\u2019a y\u00f6nelik s\u00fcregelen havan sald\u0131r\u0131lar\u0131nda d\u00fcn kentin sivil yerle\u015fim alanlar\u0131na f\u0131rlatt\u0131klar\u0131 havan mermileri sonucunda da b\u00fcy\u00fck maddi hasarlar meydana gelirken, bir ka\u00e7 vatanda\u015f \u015fehit d\u00fc\u015fm\u00fc\u015f baz\u0131lar\u0131 \u00e7ocuk ve kad\u0131nlardan olu\u015fan onlarca vatanda\u015f ta yaralanm\u0131\u015ft\u0131.<\/p>\n","protected":false},"excerpt":{"rendered":"<p>\u015eAM \u2013 Hain ve Gaddar ter\u00f6ristler Abbasiler ve Yermuk Kamp\u0131na f\u0131rlatt\u0131klar\u0131 havan mermileri sonucunda 3 vatanda\u015f yaralan\u0131rken, maddi hasarlar da meydana geldi. Emniyet m\u00fcd\u00fcrl\u00fc\u011f\u00fc kayna\u011f\u0131 SANA\u2019ya a\u00e7\u0131klamas\u0131nda, ter\u00f6ristlerin f\u0131rlatt\u0131klar\u0131 havan mermilerinin 5\u2019nin\u00a0Abbasiler Meydan\u0131 ve Abbasiler Hastanesi civarlar\u0131nda d\u00fc\u015ft\u00fcklerini, bunun sonucunda da3 vatanda\u015f\u0131n yaraland\u0131\u011f\u0131n\u0131 ve b\u00f6lgelerde maddi hasar\u0131n olu\u015ftu\u011funu\u00a0s\u00f6yledi. Kaynak, 2\u00a0havan mermisinin Yermuk B\u00f6lgesinde\u00a0el Be\u015fir Camii &hellip;<\/p>\n","protected":false},"author":1,"featured_media":6702,"comment_status":"closed","ping_status":"closed","sticky":false,"template":"","format":"standard","meta":{"footnotes":""},"categories":[575],"tags":[1505],"class_list":["post-6701","post","type-post","status-publish","format-standard","has-post-thumbnail","","category-olaylar-ve-gercekler","tag-teroristler-masum-sivil-halki-hedef-almaya-devam-ediyor"],"_links":{"self":[{"href":"https:\/\/archive.sana.sy\/tr\/index.php?rest_route=\/wp\/v2\/posts\/6701","targetHints":{"allow":["GET"]}}],"collection":[{"href":"https:\/\/archive.sana.sy\/tr\/index.php?rest_route=\/wp\/v2\/posts"}],"about":[{"href":"https:\/\/archive.sana.sy\/tr\/index.php?rest_route=\/wp\/v2\/types\/post"}],"author":[{"embeddable":true,"href":"https:\/\/archive.sana.sy\/tr\/index.php?rest_route=\/wp\/v2\/users\/1"}],"replies":[{"embeddable":true,"href":"https:\/\/archive.sana.sy\/tr\/index.php?rest_route=%2Fwp%2Fv2%2Fcomments&post=6701"}],"version-history":[{"count":0,"href":"https:\/\/archive.sana.sy\/tr\/index.php?rest_route=\/wp\/v2\/posts\/6701\/revisions"}],"wp:featuredmedia":[{"embeddable":true,"href":"https:\/\/archive.sana.sy\/tr\/index.php?rest_route=\/wp\/v2\/media\/6702"}],"wp:attachment":[{"href":"https:\/\/archive.sana.sy\/tr\/index.php?rest_route=%2Fwp%2Fv2%2Fmedia&parent=6701"}],"wp:term":[{"taxonomy":"category","embeddable":true,"href":"https:\/\/archive.sana.sy\/tr\/index.php?rest_route=%2Fwp%2Fv2%2Fcategories&post=6701"},{"taxonomy":"post_tag","embeddable":true,"href":"https:\/\/archive.sana.sy\/tr\/index.php?rest_route=%2Fwp%2Fv2%2Ftags&post=6701"}],"curies":[{"name":"wp","href":"https:\/\/api.w.org\/{rel}","templated":true}]}}