{"id":67036,"date":"2016-03-28T10:31:11","date_gmt":"2016-03-28T07:31:11","guid":{"rendered":"http:\/\/www.sana.sy\/tr\/?p=67036"},"modified":"2016-03-30T16:29:30","modified_gmt":"2016-03-30T13:29:30","slug":"terore-karsi-zaferler-turkiye-ve-daha-baska-devletlerin-muzakerelerde-kosul-dayatmalarina-izin-vermeyecek","status":"publish","type":"post","link":"https:\/\/archive.sana.sy\/tr\/?p=67036","title":{"rendered":"Ter\u00f6re Kar\u015f\u0131 Zaferler, T\u00fcrkiye ve Daha Ba\u015fka Devletlerin M\u00fczakerelerde Ko\u015ful Dayatmalar\u0131na \u0130zin Vermeyecek"},"content":{"rendered":"<p>\u015eAM \u2013 Cumhurba\u015fkan\u0131 Be\u015f\u015far el Esad Rus RIA Novosti ve Sputnik ajanslar\u0131na ilki yar\u0131n \u00c7ar\u015famba, ikincisi de ertesi g\u00fcn\u00fc Per\u015fembe olmak \u00fczere iki b\u00f6l\u00fcm olarak yay\u0131nlanacak r\u00f6portaj verdi.<\/p>\n<p>R\u00f6portajda el Esad; kimi taraflar\u0131n Rusya&#8217;n\u0131n ter\u00f6re kar\u015f\u0131 m\u00fccadelesinde Suriye&#8217;ye deste\u011fini \u2018cumhurba\u015fkan\u0131na veya Suriye h\u00fck\u00fcmetine destek olarak yans\u0131t\u0131p siyasi \u00e7\u00f6z\u00fcm \u00f6n\u00fcnde engel te\u015fkil etti\u011fi iddialar\u0131nda bulunduklar\u0131na dikkat \u00e7ekti.<\/p>\n<p>Suriye&#8217;nin ba\u015ftan beri siyasi \u00e7\u00f6z\u00fcm y\u00f6n\u00fcnde \u00e7aba harcad\u0131\u011f\u0131n\u0131 ve bu y\u00f6nde at\u0131lan istisnas\u0131z t\u00fcm ad\u0131m ve yap\u0131lan t\u00fcm giri\u015fimleri memnuniyetle kar\u015f\u0131lay\u0131p olumlu cevap verdi\u011fine dikkat \u00e7eken el Esad; ayn\u0131 zamanda her zaman esnek davrand\u0131\u011f\u0131n\u0131n da alt\u0131n\u0131 \u00e7izdi. El Esad Suriye&#8217;nin siyasi \u00e7\u00f6z\u00fcm i\u00e7in d\u00fcr\u00fcst olmayan ve t\u00fcm taraflardan \u00f6ne s\u00fcr\u00fclen t\u00fcm inisiyatiflere de olumlu yakla\u015ft\u0131\u011f\u0131na i\u015faret ederken, \u00e7\u00f6z\u00fcm i\u00e7in hi\u00e7bir f\u0131rsat\u0131 ka\u00e7\u0131rmamaya \u00e7al\u0131\u015ft\u0131\u011f\u0131n\u0131 vurgulad\u0131.<\/p>\n<p>S\u00f6zlerine devam eden el Esad dolay\u0131s\u0131yla Rusya&#8217;n\u0131n Suriye&#8217;ye deste\u011finin siyasi \u00e7\u00f6z\u00fcm\u00fc engelledi\u011fi ya da bu deste\u011fin Suriye cumhurba\u015fkan\u0131 destek oldu\u011fu y\u00f6n\u00fcndeki t\u00fcm su\u00e7lamalar\u0131n hi\u00e7bir asl\u0131 ger\u00e7e\u011fi olmad\u0131\u011f\u0131n\u0131 belirtti.<\/p>\n<p>Cumhurba\u015fkan\u0131 el Esad ter\u00f6rle m\u00fccadelede Rusya&#8217;n\u0131n askeri deste\u011finin yan\u0131 s\u0131ra t\u00fcm dostlar\u0131n Suriye&#8217;ye destekleri ve Suriye ordusunun ter\u00f6re kar\u015f\u0131 ba\u015far\u0131lar\u0131n\u0131n siyasi \u00e7\u00f6z\u00fcm\u00fc h\u0131zland\u0131raca\u011f\u0131n\u0131 ifade ederken, tersini iddia etmenin kesinlikle do\u011fru olmad\u0131\u011f\u0131n\u0131 vurgulad\u0131. Ter\u00f6re kar\u015f\u0131 ba\u015far\u0131lar\u0131n ku\u015fkusuz bu ter\u00f6r\u00fc destekleyen ve siyasi \u00e7\u00f6z\u00fcm\u00fc engellemeye \u00e7al\u0131\u015fan devlet ve g\u00fc\u00e7lere etkisi oldu\u011funa dikkat \u00e7eken el Esad; \u00f6yle ki ba\u015flar\u0131nda Suudi Arabistan, T\u00fcrkiye, Fransa ve \u0130ngiltere\u2019nin bulundu\u011fu bu devletlerin siyasi m\u00fczakerelerde kendi ko\u015fullar\u0131n\u0131 dayatmak amac\u0131yla Suriye ordusunun sahada ter\u00f6re kar\u015f\u0131 ba\u015far\u0131s\u0131z olmas\u0131na bahis oynad\u0131klar\u0131na vurgu yapt\u0131.<\/p>\n<p>El Esad dolay\u0131s\u0131yla ve sonu\u00e7 itibar\u0131yla Suriye ordusunun ter\u00f6re kar\u015f\u0131 zaferleri ve bu zaferlere katk\u0131 sa\u011flayacak deste\u011fin siyasi \u00e7\u00f6z\u00fcm\u00fc h\u0131zland\u0131raca\u011f\u0131n\u0131, aksini iddia etmenin de mant\u0131k ve ger\u00e7ekten uzak oldu\u011funun alt\u0131n\u0131 \u00e7izdi.<\/p>\n<p>Suriye&#8217;nin ne Rus deste\u011fi \u00f6ncesinde ne de sonras\u0131nda kesinlikle tutumunu de\u011fi\u015ftirmedi\u011fini ifade eden el Esad; Suriye&#8217;nin Cenevre g\u00f6r\u00fc\u015fmelerine gitti\u011fini ve siyasi \u00e7\u00f6z\u00fcm konusunda esnek tutumunu s\u00fcrd\u00fcrd\u00fc\u011f\u00fcn\u00fc ifade etti.<\/p>\n","protected":false},"excerpt":{"rendered":"<p>\u015eAM \u2013 Cumhurba\u015fkan\u0131 Be\u015f\u015far el Esad Rus RIA Novosti ve Sputnik ajanslar\u0131na ilki yar\u0131n \u00c7ar\u015famba, ikincisi de ertesi g\u00fcn\u00fc Per\u015fembe olmak \u00fczere iki b\u00f6l\u00fcm olarak yay\u0131nlanacak r\u00f6portaj verdi. R\u00f6portajda el Esad; kimi taraflar\u0131n Rusya&#8217;n\u0131n ter\u00f6re kar\u015f\u0131 m\u00fccadelesinde Suriye&#8217;ye deste\u011fini \u2018cumhurba\u015fkan\u0131na veya Suriye h\u00fck\u00fcmetine destek olarak yans\u0131t\u0131p siyasi \u00e7\u00f6z\u00fcm \u00f6n\u00fcnde engel te\u015fkil etti\u011fi iddialar\u0131nda bulunduklar\u0131na dikkat &hellip;<\/p>\n","protected":false},"author":1,"featured_media":67037,"comment_status":"closed","ping_status":"closed","sticky":false,"template":"","format":"standard","meta":{"footnotes":""},"categories":[479,17988,478],"tags":[],"class_list":["post-67036","post","type-post","status-publish","format-standard","has-post-thumbnail","","category-haberler-yerel","category-son-haberler","category-yerel"],"_links":{"self":[{"href":"https:\/\/archive.sana.sy\/tr\/index.php?rest_route=\/wp\/v2\/posts\/67036","targetHints":{"allow":["GET"]}}],"collection":[{"href":"https:\/\/archive.sana.sy\/tr\/index.php?rest_route=\/wp\/v2\/posts"}],"about":[{"href":"https:\/\/archive.sana.sy\/tr\/index.php?rest_route=\/wp\/v2\/types\/post"}],"author":[{"embeddable":true,"href":"https:\/\/archive.sana.sy\/tr\/index.php?rest_route=\/wp\/v2\/users\/1"}],"replies":[{"embeddable":true,"href":"https:\/\/archive.sana.sy\/tr\/index.php?rest_route=%2Fwp%2Fv2%2Fcomments&post=67036"}],"version-history":[{"count":0,"href":"https:\/\/archive.sana.sy\/tr\/index.php?rest_route=\/wp\/v2\/posts\/67036\/revisions"}],"wp:featuredmedia":[{"embeddable":true,"href":"https:\/\/archive.sana.sy\/tr\/index.php?rest_route=\/wp\/v2\/media\/67037"}],"wp:attachment":[{"href":"https:\/\/archive.sana.sy\/tr\/index.php?rest_route=%2Fwp%2Fv2%2Fmedia&parent=67036"}],"wp:term":[{"taxonomy":"category","embeddable":true,"href":"https:\/\/archive.sana.sy\/tr\/index.php?rest_route=%2Fwp%2Fv2%2Fcategories&post=67036"},{"taxonomy":"post_tag","embeddable":true,"href":"https:\/\/archive.sana.sy\/tr\/index.php?rest_route=%2Fwp%2Fv2%2Ftags&post=67036"}],"curies":[{"name":"wp","href":"https:\/\/api.w.org\/{rel}","templated":true}]}}