{"id":6704,"date":"2014-08-08T12:00:51","date_gmt":"2014-08-08T09:00:51","guid":{"rendered":"http:\/\/www.sana.sy\/tr\/?p=6704"},"modified":"2014-08-08T14:45:58","modified_gmt":"2014-08-08T11:45:58","slug":"silahli-kuvvetlerimiz-teror-hucrelerini-hedef-almaya-devam-etti","status":"publish","type":"post","link":"https:\/\/archive.sana.sy\/tr\/?p=6704","title":{"rendered":"Silahl\u0131 Kuvvetlerimiz Ter\u00f6r H\u00fccrelerini Hedef Almaya Devam Etti"},"content":{"rendered":"<p>\u0130LLER \u2013 Kahraman ordu birliklerimizin vatan ve vatanda\u015flar\u0131 koruma operasyonlar\u0131n\u0131 s\u00fcrd\u00fcrme kapsam\u0131nda bir \u00e7ok b\u00f6lgede \u00e7ok say\u0131da ter\u00f6risti \u00f6ld\u00fcrd\u00fc h\u00fccre ve toplanma merkezlerini de imha etti.<\/p>\n<p><span style=\"color: #0000ff\">\u015eam K\u0131rsal\u0131nda 200&#8217;den Fazla Ter\u00f6rist \u00d6ld\u00fcr\u00fclerek \u00c7ok Say\u0131da Ara\u00e7lar\u0131 da \u0130mha Edildi<\/span><\/p>\n<p>Askeri kaynak ordu birliklerimizin \u015eam k\u0131rsal\u0131n\u0131n Beyt Tiyma ve Han el \u015eih b\u00f6lgelerinde \u00e7ok say\u0131da ter\u00f6risti \u00f6l\u00fc yaral\u0131 d\u00fc\u015f\u00fcrd\u00fcklerini belirtti.<\/p>\n<p>Kaynak ordu birliklerimizin ayn\u0131 zamanda Beyt Tiyma Beldesi kenarlar\u0131nda askeri bir noktaya s\u0131zma giri\u015fiminde bulunan ter\u00f6ristlere kar\u015f\u0131 koyarak say\u0131 ve te\u00e7hizatlar\u0131yla a\u011f\u0131r kay\u0131plara u\u011fratt\u0131klar\u0131n\u0131 aktard\u0131.<\/p>\n<p>Ordu bilriklerimizin Bhayran Vadisine bakan tepelerin yan\u0131 s\u0131ra Kefar Hovr ve civar\u0131, Beyt Sabir ve Bela Vadisi b\u00f6lgelerinde ter\u00f6r yuvalar\u0131 ve k\u00fcmelenme yerlerini hedef ald\u0131klar\u0131n\u0131 belirten kaynak; operasyonlarda 200&#8217;den fazla ter\u00f6ristin \u00f6ld\u00fcr\u00fcld\u00fc\u011f\u00fcn\u00fc, bir k\u0131sm\u0131 a\u011f\u0131r makineli silahlarla donat\u0131lm\u0131\u015f \u00e7ok say\u0131da ara\u00e7lar\u0131n\u0131n da imha edildi\u011fini belirtti.<\/p>\n<p><span style=\"color: #0000ff\">Kunaytra K\u0131rsal\u0131nda Ter\u00f6ristlerle Birlikte Bir Ara\u00e7lar\u0131 Etkisiz Hale Getirtildi<\/span><\/p>\n<p>Kaynak, ordu birliklerimizin Kunaytra k\u0131rsal\u0131 Ovanya K\u00f6y\u00fcnde ter\u00f6ristlerin toplanma merkezlerini hedef almas\u0131 sonucunda \u00e7ok say\u0131da ter\u00f6risti \u00f6l\u00fc ve yaral\u0131 d\u00fc\u015f\u00fcrd\u00fc\u011f\u00fcn\u00fc, su\u00e7 eylemlerinde kulland\u0131klar\u0131 bir ara\u00e7lar\u0131n\u0131 da imha etti\u011fini s\u00f6yledi.<\/p>\n<p><span style=\"color: #0000ff\">Homs K\u0131rsal\u0131nda Ter\u00f6r H\u00fccreleri Hedef Al\u0131nd\u0131<\/span><\/p>\n<p>Ordu birliklerimiz Homs k\u0131rsal\u0131 Telbise, Um \u015eer\u015fuh, \u011eacar, \u0130zzettin, Ayn H\u00fcseyin Rahum ve Masada k\u00f6y ve beldelerinde \u00e7ok say\u0131da ter\u00f6risti \u00f6l\u00fc ve yaral\u0131 d\u00fc\u015f\u00fcrd\u00fc su\u00e7 edatlar\u0131n\u0131 da imha etti.<\/p>\n<p>Askeri kaynak, di\u011fer birliklerimizin Tedmur\u2019un kuzeyinde bir \u00e7iftlikte i\u00e7indeki ter\u00f6ristlerle birlikte bir arac\u0131 imha etti\u011fini s\u00f6yledi.<\/p>\n<p><span style=\"color: #0000ff\">Dera ve K\u0131rsal\u0131nda Ter\u00f6ristlerin S\u0131zma Giri\u015fimleri \u00c7\u00f6kertildi<\/span><\/p>\n<p>Ordu birliklerimiz Dera Beled\u2019te ter\u00f6ristlerin h\u00fccre ve toplanma merkezlerini hedef ald\u0131 \u00e7ok say\u0131da ter\u00f6risti \u00f6ld\u00fcrd\u00fc su\u00e7 edatlar\u0131n\u0131 da imha etti.<\/p>\n<p>Askeri kaynak, ordu birliklerimizin Dera Beled\u2019in Becabice Mahallesi, el Durc Kuyusu \u00e7evresi, Dahiye\u2019de Sabele Su Deposu \u00e7evresi ile Anhel ve Dera k\u0131rsal\u0131 Tel el Matrak yak\u0131nlar\u0131nda \u00e7ok say\u0131da ter\u00f6risti \u00f6l\u00fc ve yaral\u0131 d\u00fc\u015f\u00fcrd\u00fcklerini a\u00e7\u0131klad\u0131.<\/p>\n<p>Kaynak, di\u011fer birliklerimizin Dera Beled\u2019te terk edilmi\u015f ordu taburundan eski g\u00fcmr\u00fck y\u00f6n\u00fcne ter\u00f6ristlerin s\u0131zma giri\u015fimlerini \u00e7\u00f6kerterek \u00e7ok say\u0131da ter\u00f6risti \u00f6l\u00fc ve yaral\u0131 d\u00fc\u015f\u00fcrd\u00fcklerini i\u00e7indeki ter\u00f6ristlerle birlikte b\u00fcy\u00fck bir servis ara\u00e7lar\u0131n\u0131 da etkisiz hale getirdiklerini ekledi.<\/p>\n<p>Ordu birliklerimiz Dera k\u0131rsal\u0131n\u0131n Sermaniye, Karkus, \u015eeyh Sindyan ve Kastal Breyc\u2019de ter\u00f6ristlerin toplanma merkezlerini hedef almas\u0131 sonucunda \u00e7ok say\u0131da ter\u00f6risti \u00f6l\u00fc ve yaral\u0131 d\u00fc\u015f\u00fcrerek a\u011f\u0131r taramal\u0131 silah donan\u0131ml\u0131 bir ka\u00e7 ara\u00e7lar\u0131n\u0131 da imha etti.<\/p>\n<p><span style=\"color: #0000ff\">\u0130dlib K\u0131rsal\u0131nda Ara\u00e7 ve Cephanelikleriyle Etkisiz Hale Getirildiler<\/span><\/p>\n<p>Askeri kaynak ordu birliklerimizin \u0130dlib k\u0131rsal\u0131n\u0131n muhtelif b\u00f6lgelerinde ter\u00f6r \u00e7etelerine kar\u015f\u0131 operasyonlar\u0131n\u0131 s\u00fcrd\u00fcrd\u00fcklerini belirtirken; Beyt el S\u0131yni, Cebel el Arbain civarlar\u0131, Havta ve Karia el Gazal b\u00f6lgelerinde yuva ve karargahlar\u0131n\u0131 muhtevalar\u0131yla imha ettiklerini belirtti.<\/p>\n<p>Kaynak operasyonlarda aralar\u0131nda yabanc\u0131lar\u0131n bulundu\u011fu \u00e7ok say\u0131da ter\u00f6ristin ara\u00e7 ve silahlar\u0131yla imha edildiklerini s\u00f6yledi.<\/p>\n<p><span style=\"color: #0000ff\">Halep ve K\u0131rsal\u0131nda Ter\u00f6ristlerle Birlikte Su\u00e7 Edatlar\u0131 Etkisiz Hale Getirildi<\/span><\/p>\n<p>Ordu birliklerimiz Halep ve k\u0131rsal\u0131n\u0131n muhtelif b\u00f6lgelerinde ter\u00f6ristlerin h\u00fccre ve toplanma merkezlerini hedef almas\u0131 sonucunda \u00e7ok say\u0131da ter\u00f6risti \u00f6l\u00fc ve yaral\u0131 d\u00fc\u015f\u00fcrerek bir ka\u00e7 ara\u00e7lar\u0131n\u0131 ve su\u00e7 edatlar\u0131n\u0131 imha etti.<\/p>\n<p>Askeri kaynak, ordu birliklerimizin Halep ve k\u0131rsal\u0131n\u0131n Bab el Hadid, Salihizn, \u0130nzarat, Kefarcum, Mansura, Kad\u0131 Asker ve \u015eeyh Faris\u2019te ter\u00f6ristlerin h\u00fccre ve k\u00fcmelenme yerlerini hedef almas\u0131 sonucunda \u00e7ok say\u0131da ter\u00f6risti \u00f6l\u00fc ve yaral\u0131 d\u00fc\u015f\u00fcrd\u00fcklerini belirtti.<\/p>\n<p>Kaynak, ordu birliklerimizin Halep k\u0131rsal\u0131 Arbid, Ayn el Cemacime ve Kask\u0131s\u2019ta \u00e7ok say\u0131da ter\u00f6rist yan\u0131 s\u0131ra silah, te\u00e7hizat ve cephane y\u00fckl\u00fc iki ara\u00e7lar\u0131n\u0131 da etkisiz hale getirdiklerini s\u00f6yledi.<\/p>\n<p>&nbsp;<\/p>\n","protected":false},"excerpt":{"rendered":"<p>\u0130LLER \u2013 Kahraman ordu birliklerimizin vatan ve vatanda\u015flar\u0131 koruma operasyonlar\u0131n\u0131 s\u00fcrd\u00fcrme kapsam\u0131nda bir \u00e7ok b\u00f6lgede \u00e7ok say\u0131da ter\u00f6risti \u00f6ld\u00fcrd\u00fc h\u00fccre ve toplanma merkezlerini de imha etti. \u015eam K\u0131rsal\u0131nda 200&#8217;den Fazla Ter\u00f6rist \u00d6ld\u00fcr\u00fclerek \u00c7ok Say\u0131da Ara\u00e7lar\u0131 da \u0130mha Edildi Askeri kaynak ordu birliklerimizin \u015eam k\u0131rsal\u0131n\u0131n Beyt Tiyma ve Han el \u015eih b\u00f6lgelerinde \u00e7ok say\u0131da ter\u00f6risti \u00f6l\u00fc &hellip;<\/p>\n","protected":false},"author":1,"featured_media":6705,"comment_status":"closed","ping_status":"closed","sticky":false,"template":"","format":"standard","meta":{"footnotes":""},"categories":[575],"tags":[1506],"class_list":["post-6704","post","type-post","status-publish","format-standard","has-post-thumbnail","","category-olaylar-ve-gercekler","tag-silahli-kuvvetlerimiz-teror-hucrelerini-hedef-almaya-devam-etti"],"_links":{"self":[{"href":"https:\/\/archive.sana.sy\/tr\/index.php?rest_route=\/wp\/v2\/posts\/6704","targetHints":{"allow":["GET"]}}],"collection":[{"href":"https:\/\/archive.sana.sy\/tr\/index.php?rest_route=\/wp\/v2\/posts"}],"about":[{"href":"https:\/\/archive.sana.sy\/tr\/index.php?rest_route=\/wp\/v2\/types\/post"}],"author":[{"embeddable":true,"href":"https:\/\/archive.sana.sy\/tr\/index.php?rest_route=\/wp\/v2\/users\/1"}],"replies":[{"embeddable":true,"href":"https:\/\/archive.sana.sy\/tr\/index.php?rest_route=%2Fwp%2Fv2%2Fcomments&post=6704"}],"version-history":[{"count":0,"href":"https:\/\/archive.sana.sy\/tr\/index.php?rest_route=\/wp\/v2\/posts\/6704\/revisions"}],"wp:featuredmedia":[{"embeddable":true,"href":"https:\/\/archive.sana.sy\/tr\/index.php?rest_route=\/wp\/v2\/media\/6705"}],"wp:attachment":[{"href":"https:\/\/archive.sana.sy\/tr\/index.php?rest_route=%2Fwp%2Fv2%2Fmedia&parent=6704"}],"wp:term":[{"taxonomy":"category","embeddable":true,"href":"https:\/\/archive.sana.sy\/tr\/index.php?rest_route=%2Fwp%2Fv2%2Fcategories&post=6704"},{"taxonomy":"post_tag","embeddable":true,"href":"https:\/\/archive.sana.sy\/tr\/index.php?rest_route=%2Fwp%2Fv2%2Ftags&post=6704"}],"curies":[{"name":"wp","href":"https:\/\/api.w.org\/{rel}","templated":true}]}}