{"id":67045,"date":"2016-03-30T13:30:10","date_gmt":"2016-03-30T10:30:10","guid":{"rendered":"http:\/\/sana.sy\/tr\/?p=67045"},"modified":"2016-03-31T13:01:29","modified_gmt":"2016-03-31T10:01:29","slug":"meclis-secimleri-kararlastirilan-tarihte-yapilacak","status":"publish","type":"post","link":"https:\/\/archive.sana.sy\/tr\/?p=67045","title":{"rendered":"Meclis Se\u00e7imleri Kararla\u015ft\u0131r\u0131lan Tarihte Yap\u0131lacak"},"content":{"rendered":"<p>\u015eAM \u2013 Se\u00e7im Y\u00fcksek Yarg\u0131 Komisyonu, 13 Nisanda yap\u0131lmas\u0131 beklenen Halk Meclisi ikinci yasama d\u00f6nemi se\u00e7imlerinin ertelendi\u011fine dair muhtelif medya ara\u00e7lar\u0131n\u0131n aktard\u0131\u011f\u0131 t\u00fcm haberlerin asl\u0131 ger\u00e7e\u011fi olmad\u0131\u011f\u0131n\u0131 belirtti.<\/p>\n<p>Komisyon SANA\u2019n\u0131n bir n\u00fcshas\u0131n\u0131 ald\u0131\u011f\u0131 b\u00fclteninde; Halk Meclisi se\u00e7imlerinin daha \u00f6nce anayasa ve kanunlar \u00e7er\u00e7evesinde belirlendi\u011fi gibi 13 Nisan 2016 tarihinde ger\u00e7ekle\u015fece\u011finin alt\u0131n\u0131 \u00e7izdi.<\/p>\n<p>Bu arada milletvekili adaylar\u0131 se\u00e7im tarihinden 24 saat \u00f6nce sona erecek se\u00e7im hamlelerini s\u00fcrd\u00fcr\u00fcyor.<\/p>\n<p>R.H.<\/p>\n","protected":false},"excerpt":{"rendered":"<p>\u015eAM \u2013 Se\u00e7im Y\u00fcksek Yarg\u0131 Komisyonu, 13 Nisanda yap\u0131lmas\u0131 beklenen Halk Meclisi ikinci yasama d\u00f6nemi se\u00e7imlerinin ertelendi\u011fine dair muhtelif medya ara\u00e7lar\u0131n\u0131n aktard\u0131\u011f\u0131 t\u00fcm haberlerin asl\u0131 ger\u00e7e\u011fi olmad\u0131\u011f\u0131n\u0131 belirtti. Komisyon SANA\u2019n\u0131n bir n\u00fcshas\u0131n\u0131 ald\u0131\u011f\u0131 b\u00fclteninde; Halk Meclisi se\u00e7imlerinin daha \u00f6nce anayasa ve kanunlar \u00e7er\u00e7evesinde belirlendi\u011fi gibi 13 Nisan 2016 tarihinde ger\u00e7ekle\u015fece\u011finin alt\u0131n\u0131 \u00e7izdi. Bu arada milletvekili &hellip;<\/p>\n","protected":false},"author":1,"featured_media":67005,"comment_status":"closed","ping_status":"closed","sticky":false,"template":"","format":"standard","meta":{"footnotes":""},"categories":[479,17988,478],"tags":[20200],"class_list":["post-67045","post","type-post","status-publish","format-standard","has-post-thumbnail","","category-haberler-yerel","category-son-haberler","category-yerel","tag-meclis-secimleri-kararlastirilan-tarihte-yapilacak"],"_links":{"self":[{"href":"https:\/\/archive.sana.sy\/tr\/index.php?rest_route=\/wp\/v2\/posts\/67045","targetHints":{"allow":["GET"]}}],"collection":[{"href":"https:\/\/archive.sana.sy\/tr\/index.php?rest_route=\/wp\/v2\/posts"}],"about":[{"href":"https:\/\/archive.sana.sy\/tr\/index.php?rest_route=\/wp\/v2\/types\/post"}],"author":[{"embeddable":true,"href":"https:\/\/archive.sana.sy\/tr\/index.php?rest_route=\/wp\/v2\/users\/1"}],"replies":[{"embeddable":true,"href":"https:\/\/archive.sana.sy\/tr\/index.php?rest_route=%2Fwp%2Fv2%2Fcomments&post=67045"}],"version-history":[{"count":0,"href":"https:\/\/archive.sana.sy\/tr\/index.php?rest_route=\/wp\/v2\/posts\/67045\/revisions"}],"wp:featuredmedia":[{"embeddable":true,"href":"https:\/\/archive.sana.sy\/tr\/index.php?rest_route=\/wp\/v2\/media\/67005"}],"wp:attachment":[{"href":"https:\/\/archive.sana.sy\/tr\/index.php?rest_route=%2Fwp%2Fv2%2Fmedia&parent=67045"}],"wp:term":[{"taxonomy":"category","embeddable":true,"href":"https:\/\/archive.sana.sy\/tr\/index.php?rest_route=%2Fwp%2Fv2%2Fcategories&post=67045"},{"taxonomy":"post_tag","embeddable":true,"href":"https:\/\/archive.sana.sy\/tr\/index.php?rest_route=%2Fwp%2Fv2%2Ftags&post=67045"}],"curies":[{"name":"wp","href":"https:\/\/api.w.org\/{rel}","templated":true}]}}