{"id":67048,"date":"2016-03-30T09:27:10","date_gmt":"2016-03-30T06:27:10","guid":{"rendered":"http:\/\/sana.sy\/tr\/?p=67048"},"modified":"2016-03-31T14:38:50","modified_gmt":"2016-03-31T11:38:50","slug":"savasa-karsi-toplu-savasi-hizlandirmak-icin-en-uygun-andir","status":"publish","type":"post","link":"https:\/\/archive.sana.sy\/tr\/?p=67048","title":{"rendered":"Ter\u00f6re Kar\u015f\u0131 Toplu Sava\u015f\u0131 H\u0131zland\u0131rmak \u0130\u00e7in En Uygun And\u0131r"},"content":{"rendered":"<p>\u015eAM \u2013 Cumhurba\u015fkan\u0131 Be\u015f\u015far el Esad bug\u00fcn BM Genel Sekreteri Ban Ki-moon\u2019a g\u00f6nderdi\u011fi mektupta Ban\u2019\u0131n, Suriye ordusu ve Suriye m\u00fcttefiklerinin Homs k\u0131rsal\u0131n\u0131n do\u011fusu Antik Palmira Kentini I\u015e\u0130D \u00d6rg\u00fct\u00fcnden kurtarmalar\u0131 m\u00fcnasebetiyle ifade etti\u011fi memnuniyetin takdire \u015fayan oldu\u011funu belirtti.<\/p>\n<p>El Esad mektubunda BM genel sekreterini, UNESCO\u2019nun d\u00fcnya medeniyet miras\u0131 listesinde yer alan ve medeniyetin en \u00f6nemli ikonlar\u0131ndan biri say\u0131lan Palmira\u2019n\u0131n onar\u0131lmas\u0131 s\u00fcrecinde BM\u2019ye tabi ilgili t\u00fcm kurum ve \u00f6rg\u00fctlerin Suriye h\u00fck\u00fcmetine yard\u0131m ve destekte bulunmalar\u0131 y\u00f6n\u00fcnde \u00e7aba harcamas\u0131na \u00e7a\u011f\u0131rd\u0131.<\/p>\n<p>Bu s\u00fcrecin ter\u00f6re kar\u015f\u0131 toplu sava\u015f\u0131 h\u0131zland\u0131rmak i\u00e7in en uygun an olabilece\u011fine dikkat \u00e7eken el Esad; Suriye&#8217;nin ter\u00f6re kar\u015f\u0131 ciddi ve d\u00fcr\u00fcst \u00e7abalarla i\u015fbirli\u011fi olmaya haz\u0131r oldu\u011funu bir kez daha belirtti.<\/p>\n<p>R.H.<\/p>\n","protected":false},"excerpt":{"rendered":"<p>\u015eAM \u2013 Cumhurba\u015fkan\u0131 Be\u015f\u015far el Esad bug\u00fcn BM Genel Sekreteri Ban Ki-moon\u2019a g\u00f6nderdi\u011fi mektupta Ban\u2019\u0131n, Suriye ordusu ve Suriye m\u00fcttefiklerinin Homs k\u0131rsal\u0131n\u0131n do\u011fusu Antik Palmira Kentini I\u015e\u0130D \u00d6rg\u00fct\u00fcnden kurtarmalar\u0131 m\u00fcnasebetiyle ifade etti\u011fi memnuniyetin takdire \u015fayan oldu\u011funu belirtti. El Esad mektubunda BM genel sekreterini, UNESCO\u2019nun d\u00fcnya medeniyet miras\u0131 listesinde yer alan ve medeniyetin en \u00f6nemli ikonlar\u0131ndan &hellip;<\/p>\n","protected":false},"author":1,"featured_media":67049,"comment_status":"closed","ping_status":"closed","sticky":false,"template":"","format":"standard","meta":{"footnotes":""},"categories":[479,605,17988,613,478],"tags":[16402,20201],"class_list":["post-67048","post","type-post","status-publish","format-standard","has-post-thumbnail","","category-haberler-yerel","category-sayin-cumhurbaskani","category-son-haberler","category-telgraflar","category-yerel","tag-cumhurbaskani-bessar-el-esad","tag-savasa-karsi-toplu-savasi-hizlandirmak-icin-en-uygun-andir"],"_links":{"self":[{"href":"https:\/\/archive.sana.sy\/tr\/index.php?rest_route=\/wp\/v2\/posts\/67048","targetHints":{"allow":["GET"]}}],"collection":[{"href":"https:\/\/archive.sana.sy\/tr\/index.php?rest_route=\/wp\/v2\/posts"}],"about":[{"href":"https:\/\/archive.sana.sy\/tr\/index.php?rest_route=\/wp\/v2\/types\/post"}],"author":[{"embeddable":true,"href":"https:\/\/archive.sana.sy\/tr\/index.php?rest_route=\/wp\/v2\/users\/1"}],"replies":[{"embeddable":true,"href":"https:\/\/archive.sana.sy\/tr\/index.php?rest_route=%2Fwp%2Fv2%2Fcomments&post=67048"}],"version-history":[{"count":0,"href":"https:\/\/archive.sana.sy\/tr\/index.php?rest_route=\/wp\/v2\/posts\/67048\/revisions"}],"wp:featuredmedia":[{"embeddable":true,"href":"https:\/\/archive.sana.sy\/tr\/index.php?rest_route=\/wp\/v2\/media\/67049"}],"wp:attachment":[{"href":"https:\/\/archive.sana.sy\/tr\/index.php?rest_route=%2Fwp%2Fv2%2Fmedia&parent=67048"}],"wp:term":[{"taxonomy":"category","embeddable":true,"href":"https:\/\/archive.sana.sy\/tr\/index.php?rest_route=%2Fwp%2Fv2%2Fcategories&post=67048"},{"taxonomy":"post_tag","embeddable":true,"href":"https:\/\/archive.sana.sy\/tr\/index.php?rest_route=%2Fwp%2Fv2%2Ftags&post=67048"}],"curies":[{"name":"wp","href":"https:\/\/api.w.org\/{rel}","templated":true}]}}