{"id":67093,"date":"2016-03-30T11:00:30","date_gmt":"2016-03-30T08:00:30","guid":{"rendered":"http:\/\/www.sana.sy\/tr\/?p=67093"},"modified":"2016-03-30T13:58:51","modified_gmt":"2016-03-30T10:58:51","slug":"secim-yuksek-yargi-komisyonu-13-nisanda-yapilmasi-beklenen-halk-meclisi-ikinci-yasama-donemi-secimlerinin-ertelendigine-dair-muhtelif-medya-araclarinin-aktardigi-tum-haberlerin-asli-gercegi-olmadigin","status":"publish","type":"post","link":"https:\/\/archive.sana.sy\/tr\/?p=67093","title":{"rendered":"Se\u00e7im Y\u00fcksek Yarg\u0131 Komisyonu, 13 Nisanda yap\u0131lmas\u0131 beklenen Halk Meclisi ikinci yasama d\u00f6nemi se\u00e7imlerinin ertelendi\u011fine dair muhtelif medya ara\u00e7lar\u0131n\u0131n aktard\u0131\u011f\u0131 t\u00fcm haberlerin asl\u0131 ger\u00e7e\u011fi olmad\u0131\u011f\u0131n\u0131 belirtti"},"content":{"rendered":"<p>Se\u00e7im Y\u00fcksek Yarg\u0131 Komisyonu, 13 Nisanda yap\u0131lmas\u0131 beklenen Halk Meclisi ikinci yasama d\u00f6nemi se\u00e7imlerinin ertelendi\u011fine dair muhtelif medya ara\u00e7lar\u0131n\u0131n aktard\u0131\u011f\u0131 t\u00fcm haberlerin asl\u0131 ger\u00e7e\u011fi olmad\u0131\u011f\u0131n\u0131 belirtti<\/p>\n","protected":false},"excerpt":{"rendered":"<p>Se\u00e7im Y\u00fcksek Yarg\u0131 Komisyonu, 13 Nisanda yap\u0131lmas\u0131 beklenen Halk Meclisi ikinci yasama d\u00f6nemi se\u00e7imlerinin ertelendi\u011fine dair muhtelif medya ara\u00e7lar\u0131n\u0131n aktard\u0131\u011f\u0131 t\u00fcm haberlerin asl\u0131 ger\u00e7e\u011fi olmad\u0131\u011f\u0131n\u0131 belirtti<\/p>\n","protected":false},"author":1,"featured_media":0,"comment_status":"closed","ping_status":"closed","sticky":false,"template":"","format":"standard","meta":{"footnotes":""},"categories":[17991],"tags":[],"class_list":["post-67093","post","type-post","status-publish","format-standard","","category-son-dakika"],"_links":{"self":[{"href":"https:\/\/archive.sana.sy\/tr\/index.php?rest_route=\/wp\/v2\/posts\/67093","targetHints":{"allow":["GET"]}}],"collection":[{"href":"https:\/\/archive.sana.sy\/tr\/index.php?rest_route=\/wp\/v2\/posts"}],"about":[{"href":"https:\/\/archive.sana.sy\/tr\/index.php?rest_route=\/wp\/v2\/types\/post"}],"author":[{"embeddable":true,"href":"https:\/\/archive.sana.sy\/tr\/index.php?rest_route=\/wp\/v2\/users\/1"}],"replies":[{"embeddable":true,"href":"https:\/\/archive.sana.sy\/tr\/index.php?rest_route=%2Fwp%2Fv2%2Fcomments&post=67093"}],"version-history":[{"count":0,"href":"https:\/\/archive.sana.sy\/tr\/index.php?rest_route=\/wp\/v2\/posts\/67093\/revisions"}],"wp:attachment":[{"href":"https:\/\/archive.sana.sy\/tr\/index.php?rest_route=%2Fwp%2Fv2%2Fmedia&parent=67093"}],"wp:term":[{"taxonomy":"category","embeddable":true,"href":"https:\/\/archive.sana.sy\/tr\/index.php?rest_route=%2Fwp%2Fv2%2Fcategories&post=67093"},{"taxonomy":"post_tag","embeddable":true,"href":"https:\/\/archive.sana.sy\/tr\/index.php?rest_route=%2Fwp%2Fv2%2Ftags&post=67093"}],"curies":[{"name":"wp","href":"https:\/\/api.w.org\/{rel}","templated":true}]}}