{"id":67103,"date":"2016-03-30T14:28:06","date_gmt":"2016-03-30T11:28:06","guid":{"rendered":"http:\/\/www.sana.sy\/tr\/?p=67103"},"modified":"2016-03-31T13:01:19","modified_gmt":"2016-03-31T10:01:19","slug":"filistinden-suriye-ve-daha-bir-cok-devlete-yayilan-teror-ayni-terordur","status":"publish","type":"post","link":"https:\/\/archive.sana.sy\/tr\/?p=67103","title":{"rendered":"Filistin&#8217;den Suriye ve Daha Bir \u00c7ok Devlete Yay\u0131lan Ter\u00f6r Ayn\u0131 Ter\u00f6rd\u00fcr(video)"},"content":{"rendered":"<p>\u015eAM \u2013 Cumhurba\u015fkanl\u0131\u011f\u0131nda Siyasi ve Bas\u0131n Dan\u0131\u015fman\u0131 Suriye Kud\u00fcs Kurumu Meclisi Ba\u015fkan\u0131 B\u00fcseyna \u015eaban; Suriye halk\u0131n\u0131n tamam\u0131n\u0131n Fislitin davas\u0131n\u0131 kendi davas\u0131 olarak kabul etti\u011fini, Suriye ve Filistin halklar\u0131n\u0131n \u00e7at\u0131\u015fmada ayn\u0131 safta olduklar\u0131na inand\u0131klar\u0131n\u0131 belirtti.<\/p>\n<p>Toprak G\u00fcn\u00fc m\u00fcnasebetiyle d\u00fczenledi\u011fi bas\u0131n konferans\u0131nda \u015eaban; Filistin\u2019den Suriye&#8217;ye, Irak\u2019a Yemen, L\u00fcbnan ve Libya&#8217;ya kadar uzanan ter\u00f6r\u00fcn ayn\u0131 ter\u00f6r oldu\u011funu, bu ter\u00f6r\u00fcn de T\u00fcrkiye ve Suudi Arabistan gibi ayn\u0131 devletler ve g\u00fc\u00e7ler taraf\u0131ndan desteklendi\u011fine vurgu yapt\u0131. \u015eaban bu ter\u00f6r\u00fcn b\u00f6lge halklar\u0131n\u0131n k\u00fclt\u00fcr\u00fcn\u00fc, medeniyetlerini, miras\u0131n\u0131, tarihini, \u00e7ocuklar\u0131n\u0131n gelece\u011fini ve her \u015feyini hedef ald\u0131\u011f\u0131n\u0131n ifade ederken, t\u00fcm b\u00f6lge halklar\u0131n\u0131n ayn\u0131 ter\u00f6re kar\u015f\u0131 tutum ve \u00e7abalar\u0131n\u0131 birle\u015ftirmeleri \u00f6neminin alt\u0131n\u0131 \u00e7izdi.<\/p>\n<p>D\u00fcnya kamuoyunun g\u00fcn\u00fcm\u00fczde Suriye&#8217;nin hakl\u0131 davas\u0131nda daha bilin\u00e7li oldu\u011funa i\u015faret eden \u015eaban; Suriye ordusunun m\u00fcttefikleriyle i\u015fbirli\u011fi i\u00e7inde Antik Palmira Kentini s\u00f6z konusu ter\u00f6rden kurtarmas\u0131n\u0131n t\u00fcm d\u00fcnyaya bir dizi ger\u00e7e\u011fi izah etti\u011fine dikkat \u00e7ekti. \u015eaban bu ger\u00e7eklerin aras\u0131nda Suriye ve ordusunun halklar\u0131n \u00f6zg\u00fcrl\u00fc\u011f\u00fcn\u00fc, medeniyetlerini, miraslar\u0131n\u0131, \u00e7ocuklar\u0131n\u0131n gelece\u011fini ve devletlerin egemenli\u011fini savundu\u011funu, Suriye ordusunun b\u00f6lge halklar\u0131n\u0131n muazzam gelece\u011fini resmedecek ba\u015far\u0131lar sa\u011flayaca\u011f\u0131n\u0131 ortaya koydu\u011funa i\u015faret etti.<\/p>\n<p>https:\/\/youtu.be\/6y4LDXnJex0<\/p>\n<p>R.H.<\/p>\n","protected":false},"excerpt":{"rendered":"<p>\u015eAM \u2013 Cumhurba\u015fkanl\u0131\u011f\u0131nda Siyasi ve Bas\u0131n Dan\u0131\u015fman\u0131 Suriye Kud\u00fcs Kurumu Meclisi Ba\u015fkan\u0131 B\u00fcseyna \u015eaban; Suriye halk\u0131n\u0131n tamam\u0131n\u0131n Fislitin davas\u0131n\u0131 kendi davas\u0131 olarak kabul etti\u011fini, Suriye ve Filistin halklar\u0131n\u0131n \u00e7at\u0131\u015fmada ayn\u0131 safta olduklar\u0131na inand\u0131klar\u0131n\u0131 belirtti. Toprak G\u00fcn\u00fc m\u00fcnasebetiyle d\u00fczenledi\u011fi bas\u0131n konferans\u0131nda \u015eaban; Filistin\u2019den Suriye&#8217;ye, Irak\u2019a Yemen, L\u00fcbnan ve Libya&#8217;ya kadar uzanan ter\u00f6r\u00fcn ayn\u0131 ter\u00f6r oldu\u011funu, bu &hellip;<\/p>\n","protected":false},"author":1,"featured_media":67104,"comment_status":"closed","ping_status":"closed","sticky":false,"template":"","format":"standard","meta":{"footnotes":""},"categories":[479,17988,478],"tags":[19130,18237,20214,17406,20211,20213,10261,20076,3196,16591,20215,2930,20212],"class_list":["post-67103","post","type-post","status-publish","format-standard","has-post-thumbnail","","category-haberler-yerel","category-son-haberler","category-yerel","tag-buseyna-saban","tag-cihatcilar","tag-cumhurbaskanliginda-siyasi-ve-basin-danismani","tag-filistin-davasi","tag-filistinden-suriye-ve-daha-bir-cok-devlete-yayilan-teror-ayni-terordur","tag-filsitin","tag-kudus","tag-mucahitler","tag-siyonizm","tag-suriye","tag-suriye-kudus-kurumu","tag-teroristler","tag-toprak-gunu"],"_links":{"self":[{"href":"https:\/\/archive.sana.sy\/tr\/index.php?rest_route=\/wp\/v2\/posts\/67103","targetHints":{"allow":["GET"]}}],"collection":[{"href":"https:\/\/archive.sana.sy\/tr\/index.php?rest_route=\/wp\/v2\/posts"}],"about":[{"href":"https:\/\/archive.sana.sy\/tr\/index.php?rest_route=\/wp\/v2\/types\/post"}],"author":[{"embeddable":true,"href":"https:\/\/archive.sana.sy\/tr\/index.php?rest_route=\/wp\/v2\/users\/1"}],"replies":[{"embeddable":true,"href":"https:\/\/archive.sana.sy\/tr\/index.php?rest_route=%2Fwp%2Fv2%2Fcomments&post=67103"}],"version-history":[{"count":0,"href":"https:\/\/archive.sana.sy\/tr\/index.php?rest_route=\/wp\/v2\/posts\/67103\/revisions"}],"wp:featuredmedia":[{"embeddable":true,"href":"https:\/\/archive.sana.sy\/tr\/index.php?rest_route=\/wp\/v2\/media\/67104"}],"wp:attachment":[{"href":"https:\/\/archive.sana.sy\/tr\/index.php?rest_route=%2Fwp%2Fv2%2Fmedia&parent=67103"}],"wp:term":[{"taxonomy":"category","embeddable":true,"href":"https:\/\/archive.sana.sy\/tr\/index.php?rest_route=%2Fwp%2Fv2%2Fcategories&post=67103"},{"taxonomy":"post_tag","embeddable":true,"href":"https:\/\/archive.sana.sy\/tr\/index.php?rest_route=%2Fwp%2Fv2%2Ftags&post=67103"}],"curies":[{"name":"wp","href":"https:\/\/api.w.org\/{rel}","templated":true}]}}