{"id":67113,"date":"2016-03-30T13:30:15","date_gmt":"2016-03-30T10:30:15","guid":{"rendered":"http:\/\/www.sana.sy\/tr\/?p=67113"},"modified":"2016-03-30T14:38:03","modified_gmt":"2016-03-30T11:38:03","slug":"askeri-bir-kaynak-sanaya-aciklamasinda-ordu-birliklerimizin-halk-savunma-gucleriyle-isbirligi-icinde-hama-kirsalinin-kuzeyinde-turkiyede-erdogan-rejimine-tabi-olarak-faaliyet-gosteren-teror","status":"publish","type":"post","link":"https:\/\/archive.sana.sy\/tr\/?p=67113","title":{"rendered":"Askeri bir kaynak SANA\u2019ya a\u00e7\u0131klamas\u0131nda ordu birliklerimizin Halk Savunma G\u00fc\u00e7leriyle i\u015fbirli\u011fi i\u00e7inde hama k\u0131rsal\u0131n\u0131n kuzeyinde T\u00fcrkiye&#8217;de Erdo\u011fan rejimine tabi olarak faaliyet g\u00f6steren ter\u00f6ristleri ciddi kay\u0131plara u\u011fratmalar\u0131 ard\u0131ndan Tebbara Tepesini kontrollerine ge\u00e7irdiklerini belirtti"},"content":{"rendered":"<p>Askeri bir kaynak SANA\u2019ya a\u00e7\u0131klamas\u0131nda ordu birliklerimizin Halk Savunma G\u00fc\u00e7leriyle i\u015fbirli\u011fi i\u00e7inde hama k\u0131rsal\u0131n\u0131n kuzeyinde T\u00fcrkiye&#8217;de Erdo\u011fan rejimine tabi olarak faaliyet g\u00f6steren ter\u00f6ristleri ciddi kay\u0131plara u\u011fratmalar\u0131 ard\u0131ndan Tebbara Tepesini kontrollerine ge\u00e7irdiklerini belirtti<\/p>\n","protected":false},"excerpt":{"rendered":"<p>Askeri bir kaynak SANA\u2019ya a\u00e7\u0131klamas\u0131nda ordu birliklerimizin Halk Savunma G\u00fc\u00e7leriyle i\u015fbirli\u011fi i\u00e7inde hama k\u0131rsal\u0131n\u0131n kuzeyinde T\u00fcrkiye&#8217;de Erdo\u011fan rejimine tabi olarak faaliyet g\u00f6steren ter\u00f6ristleri ciddi kay\u0131plara u\u011fratmalar\u0131 ard\u0131ndan Tebbara Tepesini kontrollerine ge\u00e7irdiklerini belirtti<\/p>\n","protected":false},"author":1,"featured_media":0,"comment_status":"closed","ping_status":"closed","sticky":false,"template":"","format":"standard","meta":{"footnotes":""},"categories":[17991],"tags":[],"class_list":["post-67113","post","type-post","status-publish","format-standard","","category-son-dakika"],"_links":{"self":[{"href":"https:\/\/archive.sana.sy\/tr\/index.php?rest_route=\/wp\/v2\/posts\/67113","targetHints":{"allow":["GET"]}}],"collection":[{"href":"https:\/\/archive.sana.sy\/tr\/index.php?rest_route=\/wp\/v2\/posts"}],"about":[{"href":"https:\/\/archive.sana.sy\/tr\/index.php?rest_route=\/wp\/v2\/types\/post"}],"author":[{"embeddable":true,"href":"https:\/\/archive.sana.sy\/tr\/index.php?rest_route=\/wp\/v2\/users\/1"}],"replies":[{"embeddable":true,"href":"https:\/\/archive.sana.sy\/tr\/index.php?rest_route=%2Fwp%2Fv2%2Fcomments&post=67113"}],"version-history":[{"count":0,"href":"https:\/\/archive.sana.sy\/tr\/index.php?rest_route=\/wp\/v2\/posts\/67113\/revisions"}],"wp:attachment":[{"href":"https:\/\/archive.sana.sy\/tr\/index.php?rest_route=%2Fwp%2Fv2%2Fmedia&parent=67113"}],"wp:term":[{"taxonomy":"category","embeddable":true,"href":"https:\/\/archive.sana.sy\/tr\/index.php?rest_route=%2Fwp%2Fv2%2Fcategories&post=67113"},{"taxonomy":"post_tag","embeddable":true,"href":"https:\/\/archive.sana.sy\/tr\/index.php?rest_route=%2Fwp%2Fv2%2Ftags&post=67113"}],"curies":[{"name":"wp","href":"https:\/\/api.w.org\/{rel}","templated":true}]}}