{"id":6712,"date":"2014-08-07T15:01:49","date_gmt":"2014-08-07T12:01:49","guid":{"rendered":"http:\/\/www.sana.sy\/tr\/?p=6712"},"modified":"2014-08-07T16:42:44","modified_gmt":"2014-08-07T13:42:44","slug":"fransada-yasayan-gurbetcilerimiz-suriye-hava-yollarina-ait-ucakla-suriyeye-vardi","status":"publish","type":"post","link":"https:\/\/archive.sana.sy\/tr\/?p=6712","title":{"rendered":"Gurbet\u00e7ilerimiz Anavatanlar\u0131na Uygulanan Yapt\u0131r\u0131mlara Meydan Okuyarak Suriyeli U\u00e7akla Lazkiye&#8217;ye Vard\u0131lar"},"content":{"rendered":"<p>LAZK\u0130YE \u2013 Fransa\u2019da ya\u015fayan Suriyeli gurbet\u00e7ilerimizden bir grup, anavatanlar\u0131na sevgi ve ba\u011fl\u0131l\u0131klar\u0131nda t\u00fcm d\u00fcnyaya model bir portre sunarak, Suriye\u2019nin maruz kald\u0131\u011f\u0131 t\u00fcm yapt\u0131r\u0131m, dayatma ve bask\u0131lara meydan okuma ve ulusal ekonomiye destek sunma mesaj\u0131n\u0131 vermek \u00fczere Suriye Hava Yollar\u0131na ba\u011fl\u0131 bir u\u00e7akla Lazkiye\u2019nin Basel el Esad Havaliman\u0131na vard\u0131.<\/p>\n<p>Etkinlik organizat\u00f6rlerinden Rima Hleyfavi; s\u00f6z konusu inisiyatifin Fransa ve Avrupa\u2019n\u0131n muhtelif \u00fclkelerinde ya\u015fayan gurbet\u00e7ilerimizin vatanlar\u0131 Suriye\u2019ye y\u00f6nelik imanlar\u0131 ile maruz kald\u0131\u011f\u0131 bask\u0131 ve komplolara kar\u015f\u0131 durmak ile Suriye Havayollar\u0131 \u015eirketine uygulanan kat\u0131 ekonomik yapt\u0131r\u0131mlar ve Suriye\u2019nin ulusal ekonomisine destek ba\u011flam\u0131nda turizmi te\u015fvik etme amac\u0131 ta\u015f\u0131d\u0131\u011f\u0131n\u0131 vurgulad\u0131.<\/p>\n<p>Hleyfavi, gurbette ya\u015fayan onlarca ailenin Avrupa \u00fclkelerindeki otel rezervasyonlar\u0131n\u0131 iptal ederek Suriye\u2019ye gelme \u0131srar\u0131nda bulunduklar\u0131n\u0131 s\u00f6yledi.<\/p>\n<p>Hleyfavi, s\u00f6z konusu geziye kat\u0131lanlar\u0131n vatan topraklar\u0131na Suriye hava Yollar\u0131na ait u\u00e7akla gelmek i\u00e7in b\u00fcy\u00fck bask\u0131lara, Fransa\u2019dan Cezayir\u2019e b\u00fcy\u00fck yolculuk problemleriyle kar\u015f\u0131la\u015ft\u0131klar\u0131n\u0131 s\u00f6zlerine ekledi.<\/p>\n<p>Anavatana gelmekten b\u00fcy\u00fck sevin\u00e7 duyduklar\u0131n\u0131 belirten 50 Suriyeli gurbet\u00e7imizin programlar\u0131nda tarihi ve turistik yerleri ziyaret etmelerini i\u00e7eriyor.<\/p>\n<div id='gallery-1' class='gallery galleryid-6712 gallery-columns-2 gallery-size-thumbnail'><figure class='gallery-item'>\n\t\t\t<div class='gallery-icon landscape'>\n\t\t\t\t<a href='https:\/\/archive.sana.sy\/tr\/wp-content\/uploads\/2014\/08\/gurbet\u00e7iler-1.jpg'><img loading=\"lazy\" decoding=\"async\" width=\"150\" height=\"100\" src=\"https:\/\/archive.sana.sy\/tr\/wp-content\/uploads\/2014\/08\/gurbet\u00e7iler-1-150x100.jpg\" class=\"attachment-thumbnail size-thumbnail\" alt=\"\" srcset=\"https:\/\/archive.sana.sy\/tr\/wp-content\/uploads\/2014\/08\/gurbet\u00e7iler-1-150x100.jpg 150w, https:\/\/archive.sana.sy\/tr\/wp-content\/uploads\/2014\/08\/gurbet\u00e7iler-1-300x201.jpg 300w, https:\/\/archive.sana.sy\/tr\/wp-content\/uploads\/2014\/08\/gurbet\u00e7iler-1-1024x687.jpg 1024w, https:\/\/archive.sana.sy\/tr\/wp-content\/uploads\/2014\/08\/gurbet\u00e7iler-1.jpg 1413w\" sizes=\"auto, (max-width: 150px) 100vw, 150px\" \/><\/a>\n\t\t\t<\/div><\/figure><figure class='gallery-item'>\n\t\t\t<div class='gallery-icon landscape'>\n\t\t\t\t<a href='https:\/\/archive.sana.sy\/tr\/wp-content\/uploads\/2014\/08\/gurbet\u00e7iler-2.jpg'><img loading=\"lazy\" decoding=\"async\" width=\"150\" height=\"99\" src=\"https:\/\/archive.sana.sy\/tr\/wp-content\/uploads\/2014\/08\/gurbet\u00e7iler-2-150x99.jpg\" class=\"attachment-thumbnail size-thumbnail\" alt=\"\" srcset=\"https:\/\/archive.sana.sy\/tr\/wp-content\/uploads\/2014\/08\/gurbet\u00e7iler-2-150x99.jpg 150w, https:\/\/archive.sana.sy\/tr\/wp-content\/uploads\/2014\/08\/gurbet\u00e7iler-2-300x198.jpg 300w, https:\/\/archive.sana.sy\/tr\/wp-content\/uploads\/2014\/08\/gurbet\u00e7iler-2-1024x678.jpg 1024w, https:\/\/archive.sana.sy\/tr\/wp-content\/uploads\/2014\/08\/gurbet\u00e7iler-2.jpg 1643w\" sizes=\"auto, (max-width: 150px) 100vw, 150px\" \/><\/a>\n\t\t\t<\/div><\/figure><figure class='gallery-item'>\n\t\t\t<div class='gallery-icon landscape'>\n\t\t\t\t<a href='https:\/\/archive.sana.sy\/tr\/wp-content\/uploads\/2014\/08\/gurbet\u00e7iler-3.jpg'><img loading=\"lazy\" decoding=\"async\" width=\"150\" height=\"106\" src=\"https:\/\/archive.sana.sy\/tr\/wp-content\/uploads\/2014\/08\/gurbet\u00e7iler-3-150x106.jpg\" class=\"attachment-thumbnail size-thumbnail\" alt=\"\" srcset=\"https:\/\/archive.sana.sy\/tr\/wp-content\/uploads\/2014\/08\/gurbet\u00e7iler-3-150x106.jpg 150w, https:\/\/archive.sana.sy\/tr\/wp-content\/uploads\/2014\/08\/gurbet\u00e7iler-3-300x212.jpg 300w, https:\/\/archive.sana.sy\/tr\/wp-content\/uploads\/2014\/08\/gurbet\u00e7iler-3-1024x724.jpg 1024w, https:\/\/archive.sana.sy\/tr\/wp-content\/uploads\/2014\/08\/gurbet\u00e7iler-3.jpg 1344w\" sizes=\"auto, (max-width: 150px) 100vw, 150px\" \/><\/a>\n\t\t\t<\/div><\/figure><figure class='gallery-item'>\n\t\t\t<div class='gallery-icon landscape'>\n\t\t\t\t<a href='https:\/\/archive.sana.sy\/tr\/wp-content\/uploads\/2014\/08\/gurbet\u00e7iler-4.jpg'><img loading=\"lazy\" decoding=\"async\" width=\"150\" height=\"89\" src=\"https:\/\/archive.sana.sy\/tr\/wp-content\/uploads\/2014\/08\/gurbet\u00e7iler-4-150x89.jpg\" class=\"attachment-thumbnail size-thumbnail\" alt=\"\" srcset=\"https:\/\/archive.sana.sy\/tr\/wp-content\/uploads\/2014\/08\/gurbet\u00e7iler-4-150x89.jpg 150w, https:\/\/archive.sana.sy\/tr\/wp-content\/uploads\/2014\/08\/gurbet\u00e7iler-4-300x179.jpg 300w, https:\/\/archive.sana.sy\/tr\/wp-content\/uploads\/2014\/08\/gurbet\u00e7iler-4-1024x613.jpg 1024w, https:\/\/archive.sana.sy\/tr\/wp-content\/uploads\/2014\/08\/gurbet\u00e7iler-4.jpg 1426w\" sizes=\"auto, (max-width: 150px) 100vw, 150px\" \/><\/a>\n\t\t\t<\/div><\/figure>\n\t\t<\/div>\n\n","protected":false},"excerpt":{"rendered":"<p>LAZK\u0130YE \u2013 Fransa\u2019da ya\u015fayan Suriyeli gurbet\u00e7ilerimizden bir grup, anavatanlar\u0131na sevgi ve ba\u011fl\u0131l\u0131klar\u0131nda t\u00fcm d\u00fcnyaya model bir portre sunarak, Suriye\u2019nin maruz kald\u0131\u011f\u0131 t\u00fcm yapt\u0131r\u0131m, dayatma ve bask\u0131lara meydan okuma ve ulusal ekonomiye destek sunma mesaj\u0131n\u0131 vermek \u00fczere Suriye Hava Yollar\u0131na ba\u011fl\u0131 bir u\u00e7akla Lazkiye\u2019nin Basel el Esad Havaliman\u0131na vard\u0131. Etkinlik organizat\u00f6rlerinden Rima Hleyfavi; s\u00f6z konusu inisiyatifin &hellip;<\/p>\n","protected":false},"author":1,"featured_media":6713,"comment_status":"closed","ping_status":"closed","sticky":false,"template":"","format":"standard","meta":{"footnotes":""},"categories":[485,596,479,486,478],"tags":[1507,1508],"class_list":["post-6712","post","type-post","status-publish","format-standard","has-post-thumbnail","","category-is-ve-sermaye","category-fotografli-raporlar","category-haberler-yerel","category-haberler-is-ve-sermaye","category-yerel","tag-fransada-yasayan-gurbetcilerimiz-suriye-hava-yollarina-ait-ucakla-suriyeye-vardi","tag-gurbetcilerimiz-anavatanlarina-uygulanan-yaptirimlara-meydan-okuyarak-suriyeli-ucakla-lazkiyeye-vardilar"],"_links":{"self":[{"href":"https:\/\/archive.sana.sy\/tr\/index.php?rest_route=\/wp\/v2\/posts\/6712","targetHints":{"allow":["GET"]}}],"collection":[{"href":"https:\/\/archive.sana.sy\/tr\/index.php?rest_route=\/wp\/v2\/posts"}],"about":[{"href":"https:\/\/archive.sana.sy\/tr\/index.php?rest_route=\/wp\/v2\/types\/post"}],"author":[{"embeddable":true,"href":"https:\/\/archive.sana.sy\/tr\/index.php?rest_route=\/wp\/v2\/users\/1"}],"replies":[{"embeddable":true,"href":"https:\/\/archive.sana.sy\/tr\/index.php?rest_route=%2Fwp%2Fv2%2Fcomments&post=6712"}],"version-history":[{"count":0,"href":"https:\/\/archive.sana.sy\/tr\/index.php?rest_route=\/wp\/v2\/posts\/6712\/revisions"}],"wp:featuredmedia":[{"embeddable":true,"href":"https:\/\/archive.sana.sy\/tr\/index.php?rest_route=\/wp\/v2\/media\/6713"}],"wp:attachment":[{"href":"https:\/\/archive.sana.sy\/tr\/index.php?rest_route=%2Fwp%2Fv2%2Fmedia&parent=6712"}],"wp:term":[{"taxonomy":"category","embeddable":true,"href":"https:\/\/archive.sana.sy\/tr\/index.php?rest_route=%2Fwp%2Fv2%2Fcategories&post=6712"},{"taxonomy":"post_tag","embeddable":true,"href":"https:\/\/archive.sana.sy\/tr\/index.php?rest_route=%2Fwp%2Fv2%2Ftags&post=6712"}],"curies":[{"name":"wp","href":"https:\/\/api.w.org\/{rel}","templated":true}]}}