{"id":67121,"date":"2016-03-30T14:48:28","date_gmt":"2016-03-30T11:48:28","guid":{"rendered":"http:\/\/www.sana.sy\/tr\/?p=67121"},"modified":"2016-03-30T14:48:28","modified_gmt":"2016-03-30T11:48:28","slug":"sozlerine-devam-eden-el-esad-yeniden-yapilandirma-surecinin-her-ihtimalde-bu-surece-katilacak-tum-sirketler-acisindan-karli-olacagini-belirtirken-bu-surecte-terorle-mucadelesinde-suriyeye-destek","status":"publish","type":"post","link":"https:\/\/archive.sana.sy\/tr\/?p=67121","title":{"rendered":"S\u00f6zlerine devam eden el Esad; yeniden yap\u0131land\u0131rma s\u00fcrecinin her ihtimalde bu s\u00fcrece kat\u0131lacak t\u00fcm \u015firketler a\u00e7\u0131s\u0131ndan k\u00e2rl\u0131 olaca\u011f\u0131n\u0131 belirtirken; bu s\u00fcre\u00e7te, ter\u00f6rle m\u00fccadelesinde Suriye&#8217;ye destek veren Rusya, \u0130ran ve \u00c7in olmak \u00fczere 3 temel devletten \u015firketlere dayan\u0131lmas\u0131 beklendi\u011fini a\u00e7\u0131klad\u0131"},"content":{"rendered":"<p>S\u00f6zlerine devam eden el Esad; yeniden yap\u0131land\u0131rma s\u00fcrecinin her ihtimalde bu s\u00fcrece kat\u0131lacak t\u00fcm \u015firketler a\u00e7\u0131s\u0131ndan k\u00e2rl\u0131 olaca\u011f\u0131n\u0131 belirtirken; bu s\u00fcre\u00e7te, ter\u00f6rle m\u00fccadelesinde Suriye&#8217;ye destek veren Rusya, \u0130ran ve \u00c7in olmak \u00fczere 3 temel devletten \u015firketlere dayan\u0131lmas\u0131 beklendi\u011fini a\u00e7\u0131klad\u0131<\/p>\n","protected":false},"excerpt":{"rendered":"<p>S\u00f6zlerine devam eden el Esad; yeniden yap\u0131land\u0131rma s\u00fcrecinin her ihtimalde bu s\u00fcrece kat\u0131lacak t\u00fcm \u015firketler a\u00e7\u0131s\u0131ndan k\u00e2rl\u0131 olaca\u011f\u0131n\u0131 belirtirken; bu s\u00fcre\u00e7te, ter\u00f6rle m\u00fccadelesinde Suriye&#8217;ye destek veren Rusya, \u0130ran ve \u00c7in olmak \u00fczere 3 temel devletten \u015firketlere dayan\u0131lmas\u0131 beklendi\u011fini a\u00e7\u0131klad\u0131<\/p>\n","protected":false},"author":1,"featured_media":0,"comment_status":"closed","ping_status":"closed","sticky":false,"template":"","format":"standard","meta":{"footnotes":""},"categories":[17991],"tags":[],"class_list":["post-67121","post","type-post","status-publish","format-standard","","category-son-dakika"],"_links":{"self":[{"href":"https:\/\/archive.sana.sy\/tr\/index.php?rest_route=\/wp\/v2\/posts\/67121","targetHints":{"allow":["GET"]}}],"collection":[{"href":"https:\/\/archive.sana.sy\/tr\/index.php?rest_route=\/wp\/v2\/posts"}],"about":[{"href":"https:\/\/archive.sana.sy\/tr\/index.php?rest_route=\/wp\/v2\/types\/post"}],"author":[{"embeddable":true,"href":"https:\/\/archive.sana.sy\/tr\/index.php?rest_route=\/wp\/v2\/users\/1"}],"replies":[{"embeddable":true,"href":"https:\/\/archive.sana.sy\/tr\/index.php?rest_route=%2Fwp%2Fv2%2Fcomments&post=67121"}],"version-history":[{"count":0,"href":"https:\/\/archive.sana.sy\/tr\/index.php?rest_route=\/wp\/v2\/posts\/67121\/revisions"}],"wp:attachment":[{"href":"https:\/\/archive.sana.sy\/tr\/index.php?rest_route=%2Fwp%2Fv2%2Fmedia&parent=67121"}],"wp:term":[{"taxonomy":"category","embeddable":true,"href":"https:\/\/archive.sana.sy\/tr\/index.php?rest_route=%2Fwp%2Fv2%2Fcategories&post=67121"},{"taxonomy":"post_tag","embeddable":true,"href":"https:\/\/archive.sana.sy\/tr\/index.php?rest_route=%2Fwp%2Fv2%2Ftags&post=67121"}],"curies":[{"name":"wp","href":"https:\/\/api.w.org\/{rel}","templated":true}]}}