{"id":67122,"date":"2016-03-30T14:54:07","date_gmt":"2016-03-30T11:54:07","guid":{"rendered":"http:\/\/www.sana.sy\/tr\/?p=67122"},"modified":"2016-03-30T15:05:32","modified_gmt":"2016-03-30T12:05:32","slug":"askeri-kurallarin-sadece-terorle-baglantili-olmadigini-belirten-el-esad-ayni-zamanda-genel-olarak-uluslar-arasi-durumlarla-da-baglantili-olduguna-vurgu-yapti","status":"publish","type":"post","link":"https:\/\/archive.sana.sy\/tr\/?p=67122","title":{"rendered":"Askeri kurallar\u0131n sadece ter\u00f6rle ba\u011flant\u0131l\u0131 olmad\u0131\u011f\u0131n\u0131 belirten el Esad; ayn\u0131 zamanda genel olarak uluslar aras\u0131 durumlarla da ba\u011flant\u0131l\u0131 oldu\u011funa vurgu yapt\u0131"},"content":{"rendered":"<p>Askeri kurallar\u0131n sadece ter\u00f6rle ba\u011flant\u0131l\u0131 olmad\u0131\u011f\u0131n\u0131 belirten el Esad; ayn\u0131 zamanda genel olarak uluslar aras\u0131 durumlarla da ba\u011flant\u0131l\u0131 oldu\u011funa vurgu yapt\u0131<\/p>\n","protected":false},"excerpt":{"rendered":"<p>Askeri kurallar\u0131n sadece ter\u00f6rle ba\u011flant\u0131l\u0131 olmad\u0131\u011f\u0131n\u0131 belirten el Esad; ayn\u0131 zamanda genel olarak uluslar aras\u0131 durumlarla da ba\u011flant\u0131l\u0131 oldu\u011funa vurgu yapt\u0131<\/p>\n","protected":false},"author":1,"featured_media":0,"comment_status":"closed","ping_status":"closed","sticky":false,"template":"","format":"standard","meta":{"footnotes":""},"categories":[17991],"tags":[],"class_list":["post-67122","post","type-post","status-publish","format-standard","","category-son-dakika"],"_links":{"self":[{"href":"https:\/\/archive.sana.sy\/tr\/index.php?rest_route=\/wp\/v2\/posts\/67122","targetHints":{"allow":["GET"]}}],"collection":[{"href":"https:\/\/archive.sana.sy\/tr\/index.php?rest_route=\/wp\/v2\/posts"}],"about":[{"href":"https:\/\/archive.sana.sy\/tr\/index.php?rest_route=\/wp\/v2\/types\/post"}],"author":[{"embeddable":true,"href":"https:\/\/archive.sana.sy\/tr\/index.php?rest_route=\/wp\/v2\/users\/1"}],"replies":[{"embeddable":true,"href":"https:\/\/archive.sana.sy\/tr\/index.php?rest_route=%2Fwp%2Fv2%2Fcomments&post=67122"}],"version-history":[{"count":0,"href":"https:\/\/archive.sana.sy\/tr\/index.php?rest_route=\/wp\/v2\/posts\/67122\/revisions"}],"wp:attachment":[{"href":"https:\/\/archive.sana.sy\/tr\/index.php?rest_route=%2Fwp%2Fv2%2Fmedia&parent=67122"}],"wp:term":[{"taxonomy":"category","embeddable":true,"href":"https:\/\/archive.sana.sy\/tr\/index.php?rest_route=%2Fwp%2Fv2%2Fcategories&post=67122"},{"taxonomy":"post_tag","embeddable":true,"href":"https:\/\/archive.sana.sy\/tr\/index.php?rest_route=%2Fwp%2Fv2%2Ftags&post=67122"}],"curies":[{"name":"wp","href":"https:\/\/api.w.org\/{rel}","templated":true}]}}