{"id":67126,"date":"2016-03-30T15:13:05","date_gmt":"2016-03-30T12:13:05","guid":{"rendered":"http:\/\/www.sana.sy\/tr\/?p=67126"},"modified":"2016-03-30T15:12:13","modified_gmt":"2016-03-30T12:12:13","slug":"bmnin-de-dunya-barisinin-saglanmasi-ve-korunmasinda-etkin-bir-rol-oynayamadigina-da-dikkat-ceken-el-esad-dolayisiyla-rolunu-geri-alincaya-dek-suriye-ve-rusyanin-yani-sira-uluslar-ar","status":"publish","type":"post","link":"https:\/\/archive.sana.sy\/tr\/?p=67126","title":{"rendered":"BM\u2019nin de d\u00fcnya bar\u0131\u015f\u0131n\u0131n sa\u011flanmas\u0131 ve korunmas\u0131nda etkin bir rol oynayamad\u0131\u011f\u0131na da dikkat \u00e7eken el Esad; dolay\u0131s\u0131yla rol\u00fcn\u00fc geri al\u0131ncaya dek Suriye ve Rusya\u2019n\u0131n yan\u0131 s\u0131ra uluslar aras\u0131 denge a\u00e7\u0131s\u0131ndan askeri kurallar\u0131n ka\u00e7\u0131n\u0131lmaz bir gereklilik oldu\u011funun alt\u0131n\u0131 \u00e7izdi. El Esad bu konuda anla\u015fma sa\u011flansa da sa\u011flanmasa da bunun bir ger\u00e7ek oldu\u011funu ifade etti."},"content":{"rendered":"<p>BM\u2019nin de d\u00fcnya bar\u0131\u015f\u0131n\u0131n sa\u011flanmas\u0131 ve korunmas\u0131nda etkin bir rol oynayamad\u0131\u011f\u0131na da dikkat \u00e7eken el Esad; dolay\u0131s\u0131yla rol\u00fcn\u00fc geri al\u0131ncaya dek Suriye ve Rusya\u2019n\u0131n yan\u0131 s\u0131ra uluslar aras\u0131 denge a\u00e7\u0131s\u0131ndan askeri kurallar\u0131n ka\u00e7\u0131n\u0131lmaz bir gereklilik oldu\u011funun alt\u0131n\u0131 \u00e7izdi. El Esad bu konuda anla\u015fma sa\u011flansa da sa\u011flanmasa da bunun bir ger\u00e7ek oldu\u011funu ifade etti.<\/p>\n","protected":false},"excerpt":{"rendered":"<p>BM\u2019nin de d\u00fcnya bar\u0131\u015f\u0131n\u0131n sa\u011flanmas\u0131 ve korunmas\u0131nda etkin bir rol oynayamad\u0131\u011f\u0131na da dikkat \u00e7eken el Esad; dolay\u0131s\u0131yla rol\u00fcn\u00fc geri al\u0131ncaya dek Suriye ve Rusya\u2019n\u0131n yan\u0131 s\u0131ra uluslar aras\u0131 denge a\u00e7\u0131s\u0131ndan askeri kurallar\u0131n ka\u00e7\u0131n\u0131lmaz bir gereklilik oldu\u011funun alt\u0131n\u0131 \u00e7izdi. El Esad bu konuda anla\u015fma sa\u011flansa da sa\u011flanmasa da bunun bir ger\u00e7ek oldu\u011funu ifade etti.<\/p>\n","protected":false},"author":1,"featured_media":0,"comment_status":"closed","ping_status":"closed","sticky":false,"template":"","format":"standard","meta":{"footnotes":""},"categories":[17991],"tags":[],"class_list":["post-67126","post","type-post","status-publish","format-standard","","category-son-dakika"],"_links":{"self":[{"href":"https:\/\/archive.sana.sy\/tr\/index.php?rest_route=\/wp\/v2\/posts\/67126","targetHints":{"allow":["GET"]}}],"collection":[{"href":"https:\/\/archive.sana.sy\/tr\/index.php?rest_route=\/wp\/v2\/posts"}],"about":[{"href":"https:\/\/archive.sana.sy\/tr\/index.php?rest_route=\/wp\/v2\/types\/post"}],"author":[{"embeddable":true,"href":"https:\/\/archive.sana.sy\/tr\/index.php?rest_route=\/wp\/v2\/users\/1"}],"replies":[{"embeddable":true,"href":"https:\/\/archive.sana.sy\/tr\/index.php?rest_route=%2Fwp%2Fv2%2Fcomments&post=67126"}],"version-history":[{"count":0,"href":"https:\/\/archive.sana.sy\/tr\/index.php?rest_route=\/wp\/v2\/posts\/67126\/revisions"}],"wp:attachment":[{"href":"https:\/\/archive.sana.sy\/tr\/index.php?rest_route=%2Fwp%2Fv2%2Fmedia&parent=67126"}],"wp:term":[{"taxonomy":"category","embeddable":true,"href":"https:\/\/archive.sana.sy\/tr\/index.php?rest_route=%2Fwp%2Fv2%2Fcategories&post=67126"},{"taxonomy":"post_tag","embeddable":true,"href":"https:\/\/archive.sana.sy\/tr\/index.php?rest_route=%2Fwp%2Fv2%2Ftags&post=67126"}],"curies":[{"name":"wp","href":"https:\/\/api.w.org\/{rel}","templated":true}]}}