{"id":67133,"date":"2016-03-30T18:43:03","date_gmt":"2016-03-30T15:43:03","guid":{"rendered":"http:\/\/sana.sy\/tr\/?p=67133"},"modified":"2016-03-31T16:21:40","modified_gmt":"2016-03-31T13:21:40","slug":"teroristler-araclariyla-birlikte-etkisiz-hale-getiriliyor","status":"publish","type":"post","link":"https:\/\/archive.sana.sy\/tr\/?p=67133","title":{"rendered":"Ter\u00f6ristler Ara\u00e7lar\u0131yla Birlikte Etkisiz Hale Getiriliyor"},"content":{"rendered":"<p>\u0130LLER \u2013 Ordu birliklerimiz bug\u00fcn de ter\u00f6r \u00e7etelerine kar\u015f\u0131 nitelikli operasyonlar\u0131n\u0131 s\u00fcrd\u00fcr\u00fcrlerken muhtelif b\u00f6lgelerde say\u0131 ve te\u00e7hizatlar\u0131yla onlar\u0131 a\u011f\u0131r kay\u0131plara u\u011fratmaya devam ediyor.<\/p>\n<p><span style=\"color: #0000ff\">S\u00dcVEYDA:<\/span><\/p>\n<p>Askeri kaynak SANA\u2019ya a\u00e7\u0131klamas\u0131nda; ordu birliklerimizin S\u00fcveyda k\u0131rsal\u0131n\u0131n do\u011fusu Biir el Tenmiye B\u00f6lgesinde I\u015e\u0130D ter\u00f6r \u00f6rg\u00fct\u00fcne tabi ara\u00e7lar\u0131n topland\u0131\u011f\u0131 bir mevki yo\u011fun ate\u015fe tutmalar\u0131 sonucunda ter\u00f6rist ve cephane ta\u015f\u0131yan 4 arac\u0131 tamam\u0131yla yok ettiklerini ifade etti.<\/p>\n<p><span style=\"color: #0000ff\">DERA:<\/span><\/p>\n<p>\u00d6te yandan askeri kaynak; ordu birliklerimizin Dera k\u0131rsal\u0131n\u0131n do\u011fusunda S\u00fcveyda il idari s\u0131n\u0131rlar\u0131na yak\u0131n d\u00fc\u015fen Um Valad K\u00f6y\u00fc civar\u0131ndaki Tlul Hleyf B\u00f6lgesinin kuzeyinde Nusra Cephesine tabi bir ter\u00f6r grubunun hareketlenmelerini hedef ald\u0131klar\u0131n\u0131 belirtti. Kaynak; operasyonlarda \u00e7ok say\u0131da ter\u00f6ristin \u00f6l\u00fc ve yaral\u0131 d\u00fc\u015f\u00fcr\u00fcl\u00fcp a\u011f\u0131r makineli silahla donat\u0131lm\u0131\u015f bir arac\u0131n yan\u0131 s\u0131ra silah ve m\u00fchimmatlar\u0131n\u0131n da imha edildi\u011fine dikkat \u00e7ekti.<\/p>\n<p><span style=\"color: #0000ff\">HAMA:<\/span><\/p>\n<p>Ak\u015fam saatlerinde a\u00e7\u0131klama yapan bir kaynak; ordu birliklerimizin Halk Savunma G\u00fc\u00e7leriyle i\u015fbirli\u011fi i\u00e7inde Hama \u0130line tabi Selemiye k\u0131rsal\u0131nda I\u015e\u0130D\u2019in siper ve toplanma merkezlerine y\u00f6nelik nitelikli operasyonlar\u0131nda Tebbaret Diybe Tepesini tekfircilerden temizleyip kontrollerine ge\u00e7irdiklerini beyan etti.<\/p>\n<p>Son g\u00fcnler i\u00e7inde ordu birliklerimiz Halk Savunma G\u00fc\u00e7leriyle i\u015fbirli\u011fi i\u00e7inde Selemiye k\u0131rsal\u0131 Akarib Baraj\u0131n\u0131n bat\u0131s\u0131 ve Tebbaret Diybe b\u00f6lgelerinde I\u015e\u0130D\u2019in son toplanma yerleri ve mevkilerini imha etmelerine e\u015f zamanl\u0131 olarak Ebu Hbiylat K\u00f6y\u00fcnde bir\u00e7ok ter\u00f6risti \u00f6ld\u00fcr\u00fcp a\u011f\u0131r makineli silahla donat\u0131lm\u0131\u015f 3 arac\u0131 da imha etmi\u015fti.<\/p>\n<p><span style=\"color: #0000ff\">DEYREZZOR:<\/span><\/p>\n<p>Bu arada Saha kaynaklar\u0131 SANA\u2019ya a\u00e7\u0131klamalar\u0131nda; ordu birliklerimizin Deyrezzor Kentinin g\u00fcney kenarlar\u0131na d\u00fc\u015fen eski havaliman\u0131 semtinde ger\u00e7ekle\u015ftirdikleri taktiksel bir operasyonla I\u015e\u0130D\u2019\u0130n mevkileri alt\u0131nda kaz\u0131d\u0131klar\u0131 20 metre uzunlu\u011fundaki bir t\u00fcneli havaya u\u00e7urduklar\u0131n\u0131 belirtti. Kaynak I\u015e\u0130D mevkilerinin t\u00fcnel arac\u0131l\u0131\u011f\u0131 ile imha edilmesiyle bir\u00e7ok ter\u00f6ristin \u00f6ld\u00fcr\u00fcld\u00fc\u011f\u00fcn\u00fc aktard\u0131.<\/p>\n","protected":false},"excerpt":{"rendered":"<p>\u0130LLER \u2013 Ordu birliklerimiz bug\u00fcn de ter\u00f6r \u00e7etelerine kar\u015f\u0131 nitelikli operasyonlar\u0131n\u0131 s\u00fcrd\u00fcr\u00fcrlerken muhtelif b\u00f6lgelerde say\u0131 ve te\u00e7hizatlar\u0131yla onlar\u0131 a\u011f\u0131r kay\u0131plara u\u011fratmaya devam ediyor. S\u00dcVEYDA: Askeri kaynak SANA\u2019ya a\u00e7\u0131klamas\u0131nda; ordu birliklerimizin S\u00fcveyda k\u0131rsal\u0131n\u0131n do\u011fusu Biir el Tenmiye B\u00f6lgesinde I\u015e\u0130D ter\u00f6r \u00f6rg\u00fct\u00fcne tabi ara\u00e7lar\u0131n topland\u0131\u011f\u0131 bir mevki yo\u011fun ate\u015fe tutmalar\u0131 sonucunda ter\u00f6rist ve cephane ta\u015f\u0131yan 4 arac\u0131 &hellip;<\/p>\n","protected":false},"author":1,"featured_media":67141,"comment_status":"closed","ping_status":"closed","sticky":false,"template":"","format":"standard","meta":{"footnotes":""},"categories":[575],"tags":[],"class_list":["post-67133","post","type-post","status-publish","format-standard","has-post-thumbnail","","category-olaylar-ve-gercekler"],"_links":{"self":[{"href":"https:\/\/archive.sana.sy\/tr\/index.php?rest_route=\/wp\/v2\/posts\/67133","targetHints":{"allow":["GET"]}}],"collection":[{"href":"https:\/\/archive.sana.sy\/tr\/index.php?rest_route=\/wp\/v2\/posts"}],"about":[{"href":"https:\/\/archive.sana.sy\/tr\/index.php?rest_route=\/wp\/v2\/types\/post"}],"author":[{"embeddable":true,"href":"https:\/\/archive.sana.sy\/tr\/index.php?rest_route=\/wp\/v2\/users\/1"}],"replies":[{"embeddable":true,"href":"https:\/\/archive.sana.sy\/tr\/index.php?rest_route=%2Fwp%2Fv2%2Fcomments&post=67133"}],"version-history":[{"count":0,"href":"https:\/\/archive.sana.sy\/tr\/index.php?rest_route=\/wp\/v2\/posts\/67133\/revisions"}],"wp:featuredmedia":[{"embeddable":true,"href":"https:\/\/archive.sana.sy\/tr\/index.php?rest_route=\/wp\/v2\/media\/67141"}],"wp:attachment":[{"href":"https:\/\/archive.sana.sy\/tr\/index.php?rest_route=%2Fwp%2Fv2%2Fmedia&parent=67133"}],"wp:term":[{"taxonomy":"category","embeddable":true,"href":"https:\/\/archive.sana.sy\/tr\/index.php?rest_route=%2Fwp%2Fv2%2Fcategories&post=67133"},{"taxonomy":"post_tag","embeddable":true,"href":"https:\/\/archive.sana.sy\/tr\/index.php?rest_route=%2Fwp%2Fv2%2Ftags&post=67133"}],"curies":[{"name":"wp","href":"https:\/\/api.w.org\/{rel}","templated":true}]}}