{"id":67134,"date":"2016-03-30T09:30:47","date_gmt":"2016-03-30T06:30:47","guid":{"rendered":"http:\/\/sana.sy\/tr\/?p=67134"},"modified":"2016-03-31T14:39:40","modified_gmt":"2016-03-31T11:39:40","slug":"turkiye-ve-suudi-arabistan-teroru-direk-destekliyor-multeci-meselesi-boyle-cozulmez","status":"publish","type":"post","link":"https:\/\/archive.sana.sy\/tr\/?p=67134","title":{"rendered":"T\u00fcrkiye ve Suudi Arabistan Ter\u00f6r\u00fc Direk Destekliyor\u2026 M\u00fclteci Meselesi B\u00f6yle \u00c7\u00f6z\u00fclmez(video)"},"content":{"rendered":"<p>\u015eAM \u2013 Cumhurba\u015fkan\u0131 Be\u015f\u015far el Esad Rus RIA Novosti ve Sputnik haber ajanslar\u0131na verdi\u011fi r\u00f6portajda; Suriye&#8217;deki son durumlar ve krizin siyasi \u00e7\u00f6z\u00fcm\u00fc y\u00f6n\u00fcnde son geli\u015fmelere \u0131\u015f\u0131k tuttu.<\/p>\n<p><span style=\"color: #0000ff\">\u015eu Ana Dek Yap\u0131lan Turlar Makbuld\u00fcr<\/span><\/p>\n<p>R\u00f6portajda el Esad Cenevre&#8217;de Suriyeliler aras\u0131nda yap\u0131lan diyalog g\u00f6r\u00fc\u015fmelerinde, \u00fcst\u00fcne dayan\u0131lmas\u0131 gereken temel ilkelere odaklan\u0131ld\u0131\u011f\u0131n\u0131 ifade ederken, \u015fu ana dek yap\u0131lan turlar\u0131n ba\u015far\u0131l\u0131 bir siyasi s\u00fcre\u00e7 i\u00e7in gerekli sistem ve zeminin haz\u0131rlanmas\u0131 ba\u015flang\u0131c\u0131 oldu\u011funu s\u00f6yledi.<\/p>\n<p>D\u0131\u015f taraflar\u0131n m\u00fcdahalesi g\u00f6lgesinde g\u00f6r\u00fc\u015fmelerde ilerleme sa\u011flaman\u0131n m\u00fcmk\u00fcn olmayaca\u011f\u0131n\u0131 ifade eden el Esad; d\u0131\u015f m\u00fcdahalelerin g\u00f6r\u00fc\u015fmelerde kaostan ba\u015fka bir i\u015fe yaramayaca\u011f\u0131n\u0131 s\u00f6yledi.<\/p>\n<p>El Esad \u015fu ana dek g\u00f6r\u00fc\u015fmelerin BM genel sekreterinin Suriye \u00f6zel temsilcisi Staffan de Mistura ile yap\u0131ld\u0131\u011f\u0131na i\u015faret ederken, bir sonraki turlarda ayn\u0131 sistemle devam edilmesi halinde olumlu sonu\u00e7lar al\u0131nabilece\u011fini s\u00f6zlerine ekledi.<\/p>\n<p>Te\u015fkil edilecek yeni ulusal h\u00fck\u00fcmetin \u2018ge\u00e7i\u015f komitesi\u2019 adland\u0131r\u0131lmas\u0131n\u0131n mant\u0131kl\u0131 olmad\u0131\u011f\u0131n\u0131 ifade eden el Esad; bu h\u00fck\u00fcmetin muhalif ve ba\u011f\u0131ms\u0131z t\u00fcm taraflar\u0131 kapsayaca\u011f\u0131n\u0131 belirtti. El Esad Cenevre g\u00f6r\u00fc\u015fmelerinde de bu h\u00fck\u00fcmetin yap\u0131s\u0131 konusunda bir uzla\u015fmaya var\u0131lma hedefi bulundu\u011funu a\u00e7\u0131klad\u0131.<\/p>\n<p>El Esad h\u00fck\u00fcmetin yap\u0131s\u0131 konusunda tart\u0131\u015f\u0131lmas\u0131 ve \u00fcst\u00fcne anla\u015f\u0131lmas\u0131 gereken bir dizi noktan\u0131n bulundu\u011funu ifade ederken, Halk Meclisinin bu meselede rol\u00fc olmad\u0131\u011f\u0131n\u0131 belirtti.<\/p>\n<p><span style=\"color: #0000ff\">\u2018Ge\u00e7i\u015f Komitesinden\u2019 S\u00f6z Etmek Mant\u0131kl\u0131 De\u011fildir<\/span><\/p>\n<p>Siyasi ge\u00e7i\u015f konusunda ise el Esad; bunun mevcut anayasadan yeni bir anayasaya ge\u00e7i\u015f oldu\u011funun alt\u0131n\u0131 \u00e7izerken, \u00f6yle ki anayasan\u0131n siyasi y\u00f6netimi ifade edip belirledi\u011fine vurgu yapt\u0131. Bu ge\u00e7i\u015fin Suriye halk\u0131n\u0131n yeni anayasay\u0131 se\u00e7imle onaylamas\u0131na dek mevcut anayasa alt\u0131nda olmas\u0131 gere\u011fini ifade eden el Esad; \u2018ge\u00e7i\u015f komitesinden\u2019 s\u00f6z etmenin anayasal olmad\u0131\u011f\u0131 gibi mant\u0131kl\u0131 da olmad\u0131\u011f\u0131n\u0131 belirtti.<\/p>\n<p><span style=\"color: #0000ff\">Se\u00e7ilecek Meclis T\u00fcm Siyasi Renkleri Temsil Edecek Mi?<\/span><\/p>\n<p><a href=\"http:\/\/sana.sy\/tr\/wp-content\/uploads\/2016\/03\/el-Esad-6.jpg\"><img loading=\"lazy\" decoding=\"async\" class=\"alignright wp-image-67136 size-medium\" src=\"http:\/\/sana.sy\/tr\/wp-content\/uploads\/2016\/03\/el-Esad-6-300x150.jpg\" alt=\"el Esad\" width=\"300\" height=\"150\" srcset=\"https:\/\/archive.sana.sy\/tr\/wp-content\/uploads\/2016\/03\/el-Esad-6-300x150.jpg 300w, https:\/\/archive.sana.sy\/tr\/wp-content\/uploads\/2016\/03\/el-Esad-6-150x75.jpg 150w, https:\/\/archive.sana.sy\/tr\/wp-content\/uploads\/2016\/03\/el-Esad-6.jpg 660w\" sizes=\"auto, (max-width: 300px) 100vw, 300px\" \/><\/a>13 Nisan\u2019da yap\u0131lmas\u0131 beklenen parlamento se\u00e7imleriyle se\u00e7ilecek Halk Meclisinin t\u00fcm siyasi renkleri kapsay\u0131p kapsamayaca\u011f\u0131na ili\u015fkin soruya cevab\u0131nda el Esad; bunun tamamen Suriye halk\u0131 ve se\u00e7menlere ba\u011fl\u0131 oldu\u011funun alt\u0131n\u0131 \u00e7izdi.<\/p>\n<p>Suriye&#8217;de muhtelif siyasi renklerden siyasi partilerin bulundu\u011funa dikkat \u00e7eken el Esad; sonu\u00e7 itibar\u0131yla se\u00e7im sonu\u00e7lar\u0131n\u0131n halk\u0131n iradesini yans\u0131tt\u0131\u011f\u0131n\u0131, halk\u0131n belirleyece\u011fi siyasi renkler ve yapaca\u011f\u0131 tercihlerin \u00f6n\u00fcm\u00fczdeki meclisi belirleyece\u011fini s\u00f6yledi.<\/p>\n<p>Her \u015feye ra\u011fmen mevcut zor ko\u015fullar i\u00e7inde halk\u0131n do\u011fal olarak bir k\u0131s\u0131m yenilikleri kabul edemeyebilece\u011fine i\u015faret eden el Esad; ter\u00f6r\u00fcn yok edilmesi ve g\u00fcvenli\u011fin sa\u011flanmas\u0131 ard\u0131ndan sonu\u00e7lar\u0131n daha iyi olaca\u011f\u0131n\u0131n kesin olaca\u011f\u0131n\u0131 ifade etti.<\/p>\n<p><span style=\"color: #0000ff\">Ordunun Ba\u015far\u0131lar\u0131 ve M\u00fcttefiklerin Deste\u011fi Siyasi S\u00fcreci H\u0131zland\u0131racak<\/span><\/p>\n<p>El Esad; kimi taraflar\u0131n Rusya\u2019n\u0131n ter\u00f6re kar\u015f\u0131 m\u00fccadelesinde Suriye\u2019ye deste\u011fini \u2018cumhurba\u015fkan\u0131na veya Suriye h\u00fck\u00fcmetine destek olarak\u2019 yans\u0131t\u0131p siyasi \u00e7\u00f6z\u00fcm \u00f6n\u00fcnde engel te\u015fkil etti\u011fi iddialar\u0131nda bulunduklar\u0131na dikkat \u00e7ekti.<\/p>\n<p>S\u00f6zlerine devam eden el Esad dolay\u0131s\u0131yla Rusya\u2019n\u0131n Suriye\u2019ye deste\u011finin siyasi \u00e7\u00f6z\u00fcm\u00fc engelledi\u011fi ya da bu deste\u011fin Suriye cumhurba\u015fkan\u0131 destek oldu\u011fu y\u00f6n\u00fcndeki t\u00fcm su\u00e7lamalar\u0131n hi\u00e7bir asl\u0131 ger\u00e7e\u011fi olmad\u0131\u011f\u0131n\u0131 belirtti.<\/p>\n<p>Cumhurba\u015fkan\u0131 el Esad ter\u00f6rle m\u00fccadelede Rusya\u2019n\u0131n askeri deste\u011finin yan\u0131 s\u0131ra t\u00fcm dostlar\u0131n Suriye\u2019ye destekleri ve Suriye ordusunun ter\u00f6re kar\u015f\u0131 ba\u015far\u0131lar\u0131n\u0131n siyasi \u00e7\u00f6z\u00fcm\u00fc h\u0131zland\u0131raca\u011f\u0131n\u0131 ifade ederken, tersini iddia etmenin kesinlikle do\u011fru olmad\u0131\u011f\u0131n\u0131 vurgulad\u0131. Ter\u00f6re kar\u015f\u0131 ba\u015far\u0131lar\u0131n ku\u015fkusuz bu ter\u00f6r\u00fc destekleyen ve siyasi \u00e7\u00f6z\u00fcm\u00fc engellemeye \u00e7al\u0131\u015fan devlet ve g\u00fc\u00e7lere etkisi oldu\u011funa dikkat \u00e7eken el Esad; \u00f6yle ki ba\u015flar\u0131nda Suudi Arabistan, T\u00fcrkiye, Fransa ve \u0130ngiltere\u2019nin bulundu\u011fu bu devletlerin siyasi m\u00fczakerelerde kendi ko\u015fullar\u0131n\u0131 dayatmak amac\u0131yla Suriye ordusunun sahada ter\u00f6re kar\u015f\u0131 ba\u015far\u0131s\u0131z olmas\u0131na bahis oynad\u0131klar\u0131na vurgu yapt\u0131.<\/p>\n<p>El Esad dolay\u0131s\u0131yla ve sonu\u00e7 itibar\u0131yla Suriye ordusunun ter\u00f6re kar\u015f\u0131 zaferleri ve bu zaferlere katk\u0131 sa\u011flayacak deste\u011fin siyasi \u00e7\u00f6z\u00fcm\u00fc h\u0131zland\u0131raca\u011f\u0131n\u0131, aksini iddia etmenin de mant\u0131k ve ger\u00e7ekten uzak oldu\u011funun alt\u0131n\u0131 \u00e7izdi.<\/p>\n<p>Suriye\u2019nin ne Rus deste\u011fi \u00f6ncesinde ne de sonras\u0131nda kesinlikle tutumunu de\u011fi\u015ftirmedi\u011fini ifade eden el Esad; Suriye\u2019nin Cenevre g\u00f6r\u00fc\u015fmelerine gitti\u011fini ve siyasi \u00e7\u00f6z\u00fcm konusunda esnek tutumunu s\u00fcrd\u00fcrd\u00fc\u011f\u00fcn\u00fc ifade etti.<\/p>\n<p><span style=\"color: #0000ff\">Mevcut Ko\u015fullarda Bu Gereklidir<\/span><\/p>\n<p>Gelecekte Suriye&#8217;de yabanc\u0131 askeri \u00fcslerin bulunmas\u0131 konusunda soruya cevab\u0131nda el Esad, mevcut ko\u015fullarda ter\u00f6r\u00fcn bulunmas\u0131yla bunun gerekli oldu\u011funu ifade etti.<\/p>\n<p>Suriye&#8217;de istikrar ve g\u00fcvenli\u011fin sa\u011flanmas\u0131 ard\u0131ndan bile on y\u0131llard\u0131r b\u00f6lgede yay\u0131lan ter\u00f6re kar\u015f\u0131 m\u00fccadelenin uzun s\u00fcre alaca\u011f\u0131na dikkat \u00e7eken el Esad; dolay\u0131s\u0131yla bunun normal ve gerekli oldu\u011funu s\u00f6yledi.<\/p>\n<p>S\u00f6zlerine devam eden el Esad; bu meselenin ayn\u0131 zamanda uluslar aras\u0131 durumlarla da ba\u011flant\u0131l\u0131 oldu\u011funa dikkat \u00e7ekti. Bat\u0131l\u0131 devletlerin ne so\u011fuk sava\u015f, ne bu sava\u015f sonras\u0131 ne de g\u00fcn\u00fcm\u00fczde uluslar aras\u0131 kararlar\u0131 hegemonyas\u0131na alma, devletlerin i\u00e7i\u015flerine m\u00fcdahale ve kendi ajandalar\u0131 do\u011frultusunda dayatmalarda bulunmaya devam ettiklerine devam ettiklerine vurgu yapan el Esad; g\u00fc\u00e7 dengesi a\u00e7\u0131s\u0131ndan da bu meselenin \u00f6nemine dikkat \u00e7ekti.<\/p>\n<p>BM\u2019nin de d\u00fcnya bar\u0131\u015f\u0131n\u0131n sa\u011flanmas\u0131 ve korunmas\u0131nda etkin bir rol oynayamad\u0131\u011f\u0131na da dikkat \u00e7eken el Esad; dolay\u0131s\u0131yla rol\u00fcn\u00fc geri al\u0131ncaya dek Suriye ve Rusya\u2019n\u0131n yan\u0131 s\u0131ra uluslar aras\u0131 denge a\u00e7\u0131s\u0131ndan askeri kurallar\u0131n ka\u00e7\u0131n\u0131lmaz bir gereklilik oldu\u011funun alt\u0131n\u0131 \u00e7izdi. El Esad bu konuda anla\u015fma sa\u011flansa da sa\u011flanmasa da bunun bir ger\u00e7ek oldu\u011funu ifade etti.<\/p>\n<p><span style=\"color: #0000ff\">Ter\u00f6r T\u00fcrkiye ve Suudi Arabistan Rejimlerinden Destekleniyor<\/span><\/p>\n<p>B\u00f6lgede ter\u00f6r\u00fcn T\u00fcrkiye ve Suudi Arabistan rejimlerine ilaveten Fransa ve \u0130ngiltere gibi Bat\u0131l\u0131 bir k\u0131s\u0131m devletler taraf\u0131ndan desteklendi\u011fine dikkat \u00e7eken el Esad; di\u011fer devletlerin ise ter\u00f6r ve ter\u00f6re destek konusunda seyirci kal\u0131p ciddi hi\u00e7bir ad\u0131m atmad\u0131klar\u0131n\u0131 s\u00f6yledi.<\/p>\n<p><span style=\"color: #0000ff\">M\u00fclteci Meselesi B\u00f6yle \u00c7\u00f6z\u00fclmez<\/span><\/p>\n<p><a href=\"http:\/\/www.sana.sy\/tr\/wp-content\/uploads\/2016\/03\/el-Esad-7.jpg\"><img loading=\"lazy\" decoding=\"async\" class=\"alignright wp-image-67159 size-medium\" src=\"http:\/\/www.sana.sy\/tr\/wp-content\/uploads\/2016\/03\/el-Esad-7-243x300.jpg\" alt=\"el Esad\" width=\"243\" height=\"300\" srcset=\"https:\/\/archive.sana.sy\/tr\/wp-content\/uploads\/2016\/03\/el-Esad-7.jpg 243w, https:\/\/archive.sana.sy\/tr\/wp-content\/uploads\/2016\/03\/el-Esad-7-122x150.jpg 122w\" sizes=\"auto, (max-width: 243px) 100vw, 243px\" \/><\/a>Bat\u0131l\u0131 devletlerin Suriyeli m\u00fclteciler konusunda verdikleri rakamlar ve Pakistanl\u0131lar dahil bir\u00e7ok devletten vatanda\u015flar\u0131n kendilerini Suriyeli m\u00fclteciler olarak tan\u0131tmalar\u0131 konusunda soruya cevab\u0131nda el Esad; temelde ne yurti\u00e7inde ne de yurtd\u0131\u015f\u0131na tehcir olan Suriyelilere ili\u015fkin dakik rakamlar\u0131n bulunmad\u0131\u011f\u0131n\u0131 belirtti.<\/p>\n<p>Tehcir edilenlerin b\u00fcy\u00fck \u00e7o\u011funlu\u011funun ter\u00f6ristlerin bulunduklar\u0131 b\u00f6lgelerden devletin kontrol\u00fcndeki b\u00f6lgelere ge\u00e7tiklerine dikkat \u00e7eken el Esad; bunlar\u0131n bir k\u0131sm\u0131n\u0131n muhtelif b\u00f6lgelerde bulunan yak\u0131nlar\u0131 ve tan\u0131d\u0131klar\u0131 ya da uygun g\u00f6rd\u00fckleri yerlerde ikamet ettiklerine dikkat \u00e7ekti.<\/p>\n<p>El Esad tehcir edilen Suriyeliler meselesinin \u00e7\u00f6z\u00fcm\u00fc konusunda devletlerin \u015fu ana dek ciddi bir ad\u0131m atmad\u0131klar\u0131na dikkat \u00e7ekerken, bu meselenin ikamet ya da insani yard\u0131m temin etmekle \u00e7\u00f6z\u00fclmeyece\u011fine vurgu yapt\u0131.<\/p>\n<p>M\u00fclteci meselesinin as\u0131l nedeninin ter\u00f6r ve ekonomik yapt\u0131r\u0131mlar oldu\u011funu belirten el Esad; dolay\u0131s\u0131yla bu meseleye ger\u00e7ekten \u00e7\u00f6z\u00fcm bulmak isteyenlerin bu nedenlerin ortadan kald\u0131r\u0131lmas\u0131 y\u00f6n\u00fcnde \u00e7aba harcamalar\u0131 gerekti\u011finin alt\u0131n\u0131 \u00e7izdi.<\/p>\n<p><span style=\"color: #0000ff\">Ter\u00f6r T\u00fcrkiye ve Suudi Arabistan Rejimleri Taraf\u0131ndan Direk Destekleniyor<\/span><\/p>\n<p>El Esad sadece Suriye&#8217;de de\u011fil, bir\u00e7ok b\u00f6lgede mevcut ter\u00f6r\u00fcn T\u00fcrkiye ve Suudi Arabistan rejimleri taraf\u0131ndan direk ve alenen desteklendi\u011fini, bu deste\u011fin de kesilmesinin ka\u00e7\u0131n\u0131lmaz bir gereklilik oldu\u011funu ifade etti.<\/p>\n<p>El Esad Suriye&#8217;nin, krizin vatanda\u015flara olumsuz etkilerini hafifletmek ve yurtd\u0131\u015f\u0131 hicreti azaltmak amac\u0131yla bu krizin sona ermesinden \u00f6nce yeniden yap\u0131lanma s\u00fcrecini ba\u015flatt\u0131\u011f\u0131n\u0131 belirtti. Suriyelilerin yurtd\u0131\u015f\u0131na hicret etmelerinin nedeninin sadece ter\u00f6r ve g\u00fcvenlik durumlar\u0131 olmad\u0131\u011f\u0131na dikkat \u00e7eken el Esad; kimi devletlerin Suriye&#8217;ye tek tarafl\u0131 olarak uygulad\u0131klar\u0131 abluka ve yapt\u0131r\u0131mlar oldu\u011funa da vurgu yapt\u0131.<\/p>\n<p><span style=\"color: #0000ff\">Hasar 200 Milyar Dolar\u0131 A\u015ft\u0131<\/span><\/p>\n<p><a href=\"http:\/\/sana.sy\/tr\/wp-content\/uploads\/2016\/03\/el-Esad-2-2.jpg\"><img loading=\"lazy\" decoding=\"async\" class=\"alignright wp-image-67139 size-medium\" src=\"http:\/\/sana.sy\/tr\/wp-content\/uploads\/2016\/03\/el-Esad-2-2-300x145.jpg\" alt=\"el Esad 2\" width=\"300\" height=\"145\" srcset=\"https:\/\/archive.sana.sy\/tr\/wp-content\/uploads\/2016\/03\/el-Esad-2-2-300x145.jpg 300w, https:\/\/archive.sana.sy\/tr\/wp-content\/uploads\/2016\/03\/el-Esad-2-2-150x73.jpg 150w, https:\/\/archive.sana.sy\/tr\/wp-content\/uploads\/2016\/03\/el-Esad-2-2-768x372.jpg 768w, https:\/\/archive.sana.sy\/tr\/wp-content\/uploads\/2016\/03\/el-Esad-2-2-1024x496.jpg 1024w, https:\/\/archive.sana.sy\/tr\/wp-content\/uploads\/2016\/03\/el-Esad-2-2.jpg 1280w\" sizes=\"auto, (max-width: 300px) 100vw, 300px\" \/><\/a>S\u00f6zlerine devam eden el Esad; yeniden yap\u0131land\u0131rma s\u00fcrecinin her ihtimalde bu s\u00fcrece kat\u0131lacak t\u00fcm \u015firketler a\u00e7\u0131s\u0131ndan k\u00e2rl\u0131 olaca\u011f\u0131n\u0131 belirtirken; bu s\u00fcre\u00e7te, ter\u00f6rle m\u00fccadelesinde Suriye&#8217;ye destek veren Rusya, \u0130ran ve \u00c7in olmak \u00fczere 3 temel devletten \u015firketlere dayan\u0131lmas\u0131 beklendi\u011fini a\u00e7\u0131klad\u0131.<\/p>\n<p>Kriz s\u00fcresince meydana gelen hasar konusunda bir soruya cevab\u0131na el Esad; bu hasar\u0131n 200 milyar dolar\u0131 a\u015ft\u0131\u011f\u0131n\u0131 s\u00f6yledi.<\/p>\n<p>El Esad ekonomik y\u00f6nlerin k\u0131sa s\u00fcre i\u00e7inde yeniden yap\u0131land\u0131r\u0131labilece\u011fine i\u015faret ederken, fakat altyap\u0131 ve hizmet \u015febekelerini yap\u0131land\u0131rman\u0131n zaman alabilece\u011fine dikkat \u00e7ekti.<\/p>\n<p><span style=\"color: #0000ff\">Suriye Esnekli\u011fini S\u00fcrd\u00fcr\u00fcyor<\/span><\/p>\n<p>Suriye\u2019nin ba\u015ftan beri siyasi \u00e7\u00f6z\u00fcm y\u00f6n\u00fcnde \u00e7aba harcad\u0131\u011f\u0131n\u0131 ve bu y\u00f6nde at\u0131lan istisnas\u0131z t\u00fcm ad\u0131m ve yap\u0131lan t\u00fcm giri\u015fimleri memnuniyetle kar\u015f\u0131lay\u0131p olumlu cevap verdi\u011fine dikkat \u00e7eken el Esad; ayn\u0131 zamanda her zaman esnek davrand\u0131\u011f\u0131n\u0131n da alt\u0131n\u0131 \u00e7izdi.<\/p>\n<p>El Esad Suriye\u2019nin siyasi \u00e7\u00f6z\u00fcm i\u00e7in d\u00fcr\u00fcst olmayan dahil t\u00fcm taraflardan \u00f6ne s\u00fcr\u00fclen t\u00fcm inisiyatiflere de olumlu yakla\u015ft\u0131\u011f\u0131na i\u015faret ederken, \u00e7\u00f6z\u00fcm i\u00e7in hi\u00e7bir f\u0131rsat\u0131 ka\u00e7\u0131rmamaya \u00e7al\u0131\u015ft\u0131\u011f\u0131n\u0131 vurgulad\u0131.<\/p>\n<p>Suriye&#8217;de askeri \u00fcsleri bulunan devletler konusunda ise el Esad; sadece ve sadece Suriye ile tarihi derin ve stratejik ili\u015fkilere sahip Rusya&#8217;n\u0131n Suriye&#8217;de askeri \u00fcss\u00fc bulundu\u011funu s\u00f6yledi.<\/p>\n<p><span style=\"color: #0000ff\">Suriye Federalli\u011fe Haz\u0131r De\u011fildir<\/span><\/p>\n<p>Suriye&#8217;de federal yap\u0131lar konusunda bir soruya cevab\u0131nda ise el Esad; Suriye&#8217;nin federalli\u011fe haz\u0131r olmad\u0131\u011f\u0131n\u0131, Suriye&#8217;de federal yap\u0131lar\u0131n olmas\u0131 i\u00e7in de hi\u00e7bir do\u011fal fakt\u00f6r\u00fcn bulunmad\u0131\u011f\u0131n\u0131 vurgulad\u0131. El Esad bu mevzunun referanduma sunulmas\u0131 halinde ise Suriye halk\u0131n\u0131n kesinlikle bunu kabul etmeyece\u011fine inand\u0131\u011f\u0131n\u0131 ifade etti.<\/p>\n<p>Co\u011frafik a\u00e7\u0131s\u0131ndan da Suriye&#8217;nin olduk\u00e7a k\u00fc\u00e7\u00fck bir devlet oldu\u011funa dikkat \u00e7eken el Esad; sosyal a\u00e7\u0131dan ise federal yap\u0131n\u0131n kendi aralar\u0131nda anla\u015famayan ve ortak ya\u015fayamayan toplumlara ihtiya\u00e7 duydu\u011funa i\u015faret etti. El Esad bu \u00f6zelli\u011fin de Suriye&#8217;de mevcut olmad\u0131\u011f\u0131n\u0131, provokasyon ve d\u0131\u015f m\u00fcdahalelerden uzak olarak Suriye halk\u0131n\u0131n tarih boyunca t\u00fcm bile\u015fenleri ve kesimleriyle model bir ho\u015fg\u00f6r\u00fc ve karde\u015flik i\u00e7inde ortak ya\u015fam s\u00fcrd\u00fcrd\u00fc\u011f\u00fcne vurgu yapt\u0131.<\/p>\n<p><span style=\"color: #0000ff\">Yeni Anayasa Birka\u00e7 Haftada Haz\u0131rlanabilir<\/span><\/p>\n<p>Yeni anayasan\u0131n \u00f6n\u00fcm\u00fczdeki A\u011fustos ay\u0131nda haz\u0131r olup olmayaca\u011f\u0131na ili\u015fkin soruya cevab\u0131nda el Esad; anayasa ve kanun uzmanlar\u0131n\u0131n bulunmas\u0131yla yeni anayasan\u0131n birka\u00e7 hafta i\u00e7inde haz\u0131rlanabilece\u011fine dikkat \u00e7ekti.<\/p>\n<p>S\u00f6zlerine devam eden el Esad as\u0131l zaman alan meselenin anayasay\u0131 haz\u0131rlamak de\u011fil de \u00f6n\u00fcm\u00fczdeki siyasi s\u00fcrecin belirlenmesi konusunda yap\u0131lan tart\u0131\u015fmalar oldu\u011funu belirtti.<\/p>\n<p>https:\/\/youtu.be\/W9rdcMA1-sw<\/p>\n<p>R.H.<\/p>\n","protected":false},"excerpt":{"rendered":"<p>\u015eAM \u2013 Cumhurba\u015fkan\u0131 Be\u015f\u015far el Esad Rus RIA Novosti ve Sputnik haber ajanslar\u0131na verdi\u011fi r\u00f6portajda; Suriye&#8217;deki son durumlar ve krizin siyasi \u00e7\u00f6z\u00fcm\u00fc y\u00f6n\u00fcnde son geli\u015fmelere \u0131\u015f\u0131k tuttu. \u015eu Ana Dek Yap\u0131lan Turlar Makbuld\u00fcr R\u00f6portajda el Esad Cenevre&#8217;de Suriyeliler aras\u0131nda yap\u0131lan diyalog g\u00f6r\u00fc\u015fmelerinde, \u00fcst\u00fcne dayan\u0131lmas\u0131 gereken temel ilkelere odaklan\u0131ld\u0131\u011f\u0131n\u0131 ifade ederken, \u015fu ana dek yap\u0131lan turlar\u0131n &hellip;<\/p>\n","protected":false},"author":1,"featured_media":67137,"comment_status":"closed","ping_status":"closed","sticky":false,"template":"","format":"standard","meta":{"footnotes":""},"categories":[479,611,605,17988,2554,2555,478],"tags":[20216],"class_list":["post-67134","post","type-post","status-publish","format-standard","has-post-thumbnail","","category-haberler-yerel","category-roportaj","category-sayin-cumhurbaskani","category-son-haberler","category-suriye-ve-dunya","category-suriye-ve-turkiye","category-yerel","tag-turkiye-ve-suudi-arabistan-teroru-direk-destekliyor-multeci-meselesi-boyle-cozulmez"],"_links":{"self":[{"href":"https:\/\/archive.sana.sy\/tr\/index.php?rest_route=\/wp\/v2\/posts\/67134","targetHints":{"allow":["GET"]}}],"collection":[{"href":"https:\/\/archive.sana.sy\/tr\/index.php?rest_route=\/wp\/v2\/posts"}],"about":[{"href":"https:\/\/archive.sana.sy\/tr\/index.php?rest_route=\/wp\/v2\/types\/post"}],"author":[{"embeddable":true,"href":"https:\/\/archive.sana.sy\/tr\/index.php?rest_route=\/wp\/v2\/users\/1"}],"replies":[{"embeddable":true,"href":"https:\/\/archive.sana.sy\/tr\/index.php?rest_route=%2Fwp%2Fv2%2Fcomments&post=67134"}],"version-history":[{"count":0,"href":"https:\/\/archive.sana.sy\/tr\/index.php?rest_route=\/wp\/v2\/posts\/67134\/revisions"}],"wp:featuredmedia":[{"embeddable":true,"href":"https:\/\/archive.sana.sy\/tr\/index.php?rest_route=\/wp\/v2\/media\/67137"}],"wp:attachment":[{"href":"https:\/\/archive.sana.sy\/tr\/index.php?rest_route=%2Fwp%2Fv2%2Fmedia&parent=67134"}],"wp:term":[{"taxonomy":"category","embeddable":true,"href":"https:\/\/archive.sana.sy\/tr\/index.php?rest_route=%2Fwp%2Fv2%2Fcategories&post=67134"},{"taxonomy":"post_tag","embeddable":true,"href":"https:\/\/archive.sana.sy\/tr\/index.php?rest_route=%2Fwp%2Fv2%2Ftags&post=67134"}],"curies":[{"name":"wp","href":"https:\/\/api.w.org\/{rel}","templated":true}]}}