{"id":67146,"date":"2016-03-30T10:45:58","date_gmt":"2016-03-30T07:45:58","guid":{"rendered":"http:\/\/sana.sy\/tr\/?p=67146"},"modified":"2016-03-31T13:01:59","modified_gmt":"2016-03-31T10:01:59","slug":"rus-ikinci-uzman-ekip-yola-cikti","status":"publish","type":"post","link":"https:\/\/archive.sana.sy\/tr\/?p=67146","title":{"rendered":"Rus \u0130kinci Uzman Ekip yola \u00c7\u0131kt\u0131"},"content":{"rendered":"<p>MOSKOVA \u2013 Suriye ordusunun ge\u00e7en Pazar g\u00fcn\u00fc I\u015e\u0130D \u00e7etelerinden temizleyip g\u00fcvenli\u011fini sa\u011flad\u0131\u011f\u0131 Homs k\u0131rsal\u0131 Antik Palmira Kentinde tekfirci I\u015e\u0130D\u2019lilerin bertaraf edilmelerinden \u00f6nce yerle\u015ftirdikleri may\u0131n ve bubi tuzaklar\u0131n\u0131n etkisizle\u015ftirilmesinde Suriyeli mevkida\u015flar\u0131na yard\u0131m ve destekte bulunmak \u00fczere bug\u00fcn Moskova&#8217;dan Suriye&#8217;ye ikinci bir uzman ekip yola \u00e7\u0131kt\u0131.<\/p>\n<p>RT web haber sitesi Rusya Savunma Bakanl\u0131\u011f\u0131na tabi may\u0131n ve patlay\u0131c\u0131 d\u00fczenekleriyle m\u00fccadele merkezinden uzman bir ekibin ekipmanlar\u0131yla birlikte d\u00fcn Suriye&#8217;ye yola \u00e7\u0131kmas\u0131 ard\u0131ndan ikinci bir uzman ekibin bug\u00fcn Suriye&#8217;ye hareket etti\u011fini aktard\u0131.<\/p>\n","protected":false},"excerpt":{"rendered":"<p>MOSKOVA \u2013 Suriye ordusunun ge\u00e7en Pazar g\u00fcn\u00fc I\u015e\u0130D \u00e7etelerinden temizleyip g\u00fcvenli\u011fini sa\u011flad\u0131\u011f\u0131 Homs k\u0131rsal\u0131 Antik Palmira Kentinde tekfirci I\u015e\u0130D\u2019lilerin bertaraf edilmelerinden \u00f6nce yerle\u015ftirdikleri may\u0131n ve bubi tuzaklar\u0131n\u0131n etkisizle\u015ftirilmesinde Suriyeli mevkida\u015flar\u0131na yard\u0131m ve destekte bulunmak \u00fczere bug\u00fcn Moskova&#8217;dan Suriye&#8217;ye ikinci bir uzman ekip yola \u00e7\u0131kt\u0131. RT web haber sitesi Rusya Savunma Bakanl\u0131\u011f\u0131na tabi may\u0131n ve patlay\u0131c\u0131 &hellip;<\/p>\n","protected":false},"author":1,"featured_media":67147,"comment_status":"closed","ping_status":"closed","sticky":false,"template":"","format":"standard","meta":{"footnotes":""},"categories":[458,459,17988],"tags":[],"class_list":["post-67146","post","type-post","status-publish","format-standard","has-post-thumbnail","","category-dunya1","category-haberler-arap-uluslararasi-politika","category-son-haberler"],"_links":{"self":[{"href":"https:\/\/archive.sana.sy\/tr\/index.php?rest_route=\/wp\/v2\/posts\/67146","targetHints":{"allow":["GET"]}}],"collection":[{"href":"https:\/\/archive.sana.sy\/tr\/index.php?rest_route=\/wp\/v2\/posts"}],"about":[{"href":"https:\/\/archive.sana.sy\/tr\/index.php?rest_route=\/wp\/v2\/types\/post"}],"author":[{"embeddable":true,"href":"https:\/\/archive.sana.sy\/tr\/index.php?rest_route=\/wp\/v2\/users\/1"}],"replies":[{"embeddable":true,"href":"https:\/\/archive.sana.sy\/tr\/index.php?rest_route=%2Fwp%2Fv2%2Fcomments&post=67146"}],"version-history":[{"count":0,"href":"https:\/\/archive.sana.sy\/tr\/index.php?rest_route=\/wp\/v2\/posts\/67146\/revisions"}],"wp:featuredmedia":[{"embeddable":true,"href":"https:\/\/archive.sana.sy\/tr\/index.php?rest_route=\/wp\/v2\/media\/67147"}],"wp:attachment":[{"href":"https:\/\/archive.sana.sy\/tr\/index.php?rest_route=%2Fwp%2Fv2%2Fmedia&parent=67146"}],"wp:term":[{"taxonomy":"category","embeddable":true,"href":"https:\/\/archive.sana.sy\/tr\/index.php?rest_route=%2Fwp%2Fv2%2Fcategories&post=67146"},{"taxonomy":"post_tag","embeddable":true,"href":"https:\/\/archive.sana.sy\/tr\/index.php?rest_route=%2Fwp%2Fv2%2Ftags&post=67146"}],"curies":[{"name":"wp","href":"https:\/\/api.w.org\/{rel}","templated":true}]}}