{"id":67149,"date":"2016-03-30T14:03:55","date_gmt":"2016-03-30T11:03:55","guid":{"rendered":"http:\/\/sana.sy\/tr\/?p=67149"},"modified":"2016-03-30T17:08:17","modified_gmt":"2016-03-30T14:08:17","slug":"sehitlerimizin-kanlarina-vefa-borcudur","status":"publish","type":"post","link":"https:\/\/archive.sana.sy\/tr\/?p=67149","title":{"rendered":"\u015eehitlerimizin Kanlar\u0131na Vefa Borcudur"},"content":{"rendered":"<p>DERA \u2013 Dera ilinde siyasi ve sosyal faaliyetleri, 13 Nisanda yap\u0131lmas\u0131 beklenen Halk Meclisi se\u00e7imlerine kat\u0131l\u0131m\u0131n ulusal bir g\u00f6rev oldu\u011fu gibi vatan u\u011fruna canlar\u0131n\u0131 feda eden \u015fehitlerimizin kanlar\u0131na da vefa borcu oldu\u011funu belirtti.<\/p>\n<p>Dera k\u0131rsal\u0131 Ezra kenti ve Ferka Beldesinde d\u00fczenlenen kitlesel mitinglerde faaliyetler; se\u00e7im g\u00fcn\u00fcn\u00fcn yo\u011fun bir kat\u0131l\u0131mla ulusal bir g\u00fcne d\u00f6n\u00fc\u015ft\u00fcr\u00fclmesiyle ordu birliklerimizin yurt genelinde ter\u00f6re kar\u015f\u0131 sava\u015f\u0131nda sa\u011flad\u0131\u011f\u0131 ba\u015far\u0131lar\u0131 da peki\u015ftirece\u011fini belirtti.<\/p>\n<p>Mitinge kat\u0131lan Dera Valisi Muhammed Halit el Hanus; se\u00e7imlere yo\u011fun kat\u0131l\u0131m\u0131n ter\u00f6rle m\u00fccadele, ulusal uzla\u015fma ve siyasi s\u00fcrecin ilerletilmesine e\u015f zamanl\u0131 bir ba\u015far\u0131 olaca\u011f\u0131n\u0131 ifade etti.<\/p>\n<div id='gallery-1' class='gallery galleryid-67149 gallery-columns-2 gallery-size-medium'><figure class='gallery-item'>\n\t\t\t<div class='gallery-icon landscape'>\n\t\t\t\t<a href='https:\/\/archive.sana.sy\/tr\/wp-content\/uploads\/2016\/03\/Dera-1-1.jpg'><img loading=\"lazy\" decoding=\"async\" width=\"300\" height=\"186\" src=\"https:\/\/archive.sana.sy\/tr\/wp-content\/uploads\/2016\/03\/Dera-1-1-300x186.jpg\" class=\"attachment-medium size-medium\" alt=\"\" srcset=\"https:\/\/archive.sana.sy\/tr\/wp-content\/uploads\/2016\/03\/Dera-1-1-300x186.jpg 300w, https:\/\/archive.sana.sy\/tr\/wp-content\/uploads\/2016\/03\/Dera-1-1-150x93.jpg 150w, https:\/\/archive.sana.sy\/tr\/wp-content\/uploads\/2016\/03\/Dera-1-1-768x475.jpg 768w, https:\/\/archive.sana.sy\/tr\/wp-content\/uploads\/2016\/03\/Dera-1-1-1024x634.jpg 1024w\" sizes=\"auto, (max-width: 300px) 100vw, 300px\" \/><\/a>\n\t\t\t<\/div><\/figure><figure class='gallery-item'>\n\t\t\t<div class='gallery-icon landscape'>\n\t\t\t\t<a href='https:\/\/archive.sana.sy\/tr\/wp-content\/uploads\/2016\/03\/Dera-2-1.jpg'><img loading=\"lazy\" decoding=\"async\" width=\"300\" height=\"188\" src=\"https:\/\/archive.sana.sy\/tr\/wp-content\/uploads\/2016\/03\/Dera-2-1-300x188.jpg\" class=\"attachment-medium size-medium\" alt=\"\" srcset=\"https:\/\/archive.sana.sy\/tr\/wp-content\/uploads\/2016\/03\/Dera-2-1-300x188.jpg 300w, https:\/\/archive.sana.sy\/tr\/wp-content\/uploads\/2016\/03\/Dera-2-1-150x94.jpg 150w, https:\/\/archive.sana.sy\/tr\/wp-content\/uploads\/2016\/03\/Dera-2-1-768x480.jpg 768w, https:\/\/archive.sana.sy\/tr\/wp-content\/uploads\/2016\/03\/Dera-2-1-1024x640.jpg 1024w\" sizes=\"auto, (max-width: 300px) 100vw, 300px\" \/><\/a>\n\t\t\t<\/div><\/figure>\n\t\t<\/div>\n\n","protected":false},"excerpt":{"rendered":"<p>DERA \u2013 Dera ilinde siyasi ve sosyal faaliyetleri, 13 Nisanda yap\u0131lmas\u0131 beklenen Halk Meclisi se\u00e7imlerine kat\u0131l\u0131m\u0131n ulusal bir g\u00f6rev oldu\u011fu gibi vatan u\u011fruna canlar\u0131n\u0131 feda eden \u015fehitlerimizin kanlar\u0131na da vefa borcu oldu\u011funu belirtti. Dera k\u0131rsal\u0131 Ezra kenti ve Ferka Beldesinde d\u00fczenlenen kitlesel mitinglerde faaliyetler; se\u00e7im g\u00fcn\u00fcn\u00fcn yo\u011fun bir kat\u0131l\u0131mla ulusal bir g\u00fcne d\u00f6n\u00fc\u015ft\u00fcr\u00fclmesiyle ordu birliklerimizin &hellip;<\/p>\n","protected":false},"author":1,"featured_media":67150,"comment_status":"closed","ping_status":"closed","sticky":false,"template":"","format":"standard","meta":{"footnotes":""},"categories":[479,17988,478],"tags":[],"class_list":["post-67149","post","type-post","status-publish","format-standard","has-post-thumbnail","","category-haberler-yerel","category-son-haberler","category-yerel"],"_links":{"self":[{"href":"https:\/\/archive.sana.sy\/tr\/index.php?rest_route=\/wp\/v2\/posts\/67149","targetHints":{"allow":["GET"]}}],"collection":[{"href":"https:\/\/archive.sana.sy\/tr\/index.php?rest_route=\/wp\/v2\/posts"}],"about":[{"href":"https:\/\/archive.sana.sy\/tr\/index.php?rest_route=\/wp\/v2\/types\/post"}],"author":[{"embeddable":true,"href":"https:\/\/archive.sana.sy\/tr\/index.php?rest_route=\/wp\/v2\/users\/1"}],"replies":[{"embeddable":true,"href":"https:\/\/archive.sana.sy\/tr\/index.php?rest_route=%2Fwp%2Fv2%2Fcomments&post=67149"}],"version-history":[{"count":0,"href":"https:\/\/archive.sana.sy\/tr\/index.php?rest_route=\/wp\/v2\/posts\/67149\/revisions"}],"wp:featuredmedia":[{"embeddable":true,"href":"https:\/\/archive.sana.sy\/tr\/index.php?rest_route=\/wp\/v2\/media\/67150"}],"wp:attachment":[{"href":"https:\/\/archive.sana.sy\/tr\/index.php?rest_route=%2Fwp%2Fv2%2Fmedia&parent=67149"}],"wp:term":[{"taxonomy":"category","embeddable":true,"href":"https:\/\/archive.sana.sy\/tr\/index.php?rest_route=%2Fwp%2Fv2%2Fcategories&post=67149"},{"taxonomy":"post_tag","embeddable":true,"href":"https:\/\/archive.sana.sy\/tr\/index.php?rest_route=%2Fwp%2Fv2%2Ftags&post=67149"}],"curies":[{"name":"wp","href":"https:\/\/api.w.org\/{rel}","templated":true}]}}