{"id":67168,"date":"2016-03-30T10:00:43","date_gmt":"2016-03-30T07:00:43","guid":{"rendered":"http:\/\/sana.sy\/tr\/?p=67168"},"modified":"2016-03-31T16:21:21","modified_gmt":"2016-03-31T13:21:21","slug":"el-esadtan-buteflikaya-mektup","status":"publish","type":"post","link":"https:\/\/archive.sana.sy\/tr\/?p=67168","title":{"rendered":"El Esad\u2019tan Buteflika\u2019ya Mektup"},"content":{"rendered":"<p>CEZAY\u0130R \u2013 Cumhurba\u015fkan\u0131 Be\u015f\u015far el Esad Cezayir Demokratik Halk Cumhuriyeti Cumhurba\u015fkan\u0131 Abd\u00fclaziz Buteflika\u2019ya, Cezayir\u2019in ulusal uzla\u015fma ve sivil uyumluluk konusundaki deneyimlerinden faydalanma amac\u0131yla Suriye&#8217;deki son durum ve krizin \u00e7\u00f6z\u00fcm\u00fcne ili\u015fkin son geli\u015fmeler konusunda \u0131\u015f\u0131k tutan bir mektup g\u00f6nderdi.<\/p>\n<p>Mektubu Ba\u015fbakan Yard\u0131mc\u0131s\u0131 D\u0131\u015fi\u015fleri ve Gurbet\u00e7iler Bakan\u0131 Velid el Muallim Buteflika\u2019n\u0131n kendisini Cumhurba\u015fkanl\u0131\u011f\u0131 Saray\u0131nda kabul\u00fc s\u0131ras\u0131nda teslim etti.<\/p>\n<p>Suriye ve b\u00f6lgedeki son durumlar\u0131n masaya yat\u0131r\u0131ld\u0131\u011f\u0131 g\u00f6r\u00fc\u015fmede Muallim, Suriye ordusunun sahada ter\u00f6re kar\u015f\u0131 sa\u011flad\u0131\u011f\u0131 zaferler ve krizin \u00e7\u00f6z\u00fcm\u00fc konusunda Buteflika\u2019ya bilgi verdi. Cezayir\u2019in uzun y\u0131llar ac\u0131s\u0131n\u0131 ya\u015fad\u0131\u011f\u0131 benzer ter\u00f6re kar\u015f\u0131 m\u00fccadele \u00e7abalar\u0131n\u0131n da tart\u0131\u015f\u0131ld\u0131\u011f\u0131 g\u00f6r\u00fc\u015fmede; Suriye ve Cezayir\u2019in halklar\u0131n\u0131n \u00e7\u0131karlar\u0131n\u0131 tehdit eden tehlikelere kar\u015f\u0131 ayn\u0131 safta olduklar\u0131 ifade edildi.<\/p>\n<p>G\u00f6r\u00fc\u015fmenin sonunda Cezayir Cumhurba\u015fkan\u0131 Buteflika; Cumhurba\u015fkan\u0131 el Esad\u2019a iyi dileklerini ifade ederken, \u2018karde\u015f Suriye ve halk\u0131n\u0131n ya\u015fad\u0131klar\u0131 krizi en k\u0131sa s\u00fcre i\u00e7inde \u00e7\u00f6zme ve b\u00f6lge ve uluslar aras\u0131 d\u00fczeydeki g\u00fc\u00e7l\u00fc konumunu yeniden kazanmas\u0131 temennilerinde bulundu.<\/p>\n<p>Muallim ve Buteflika aras\u0131ndaki g\u00f6r\u00fc\u015fmeye D\u0131\u015fi\u015fleri ve Gurbet\u00e7iler Bakan\u0131 Yard\u0131mc\u0131s\u0131 Faysal Mikdat ve Suriye&#8217;nin Cezayir B\u00fcy\u00fckel\u00e7isi N\u00fcmeyr el Ganim kat\u0131ld\u0131.<\/p>\n<p>Ba\u015fbakan Yard\u0131mc\u0131s\u0131 D\u0131\u015fi\u015fleri ve Gurbet\u00e7iler Bakan\u0131 Muallim sabah saatlerinde Cezayir D\u0131\u015fi\u015fleri Bakan\u0131 Ramtan Lamamira ile bir oturum d\u00fczenlemi\u015f, iki karde\u015f \u00fclke aras\u0131ndaki g\u00f6r\u00fc\u015fmeleri masaya yat\u0131rm\u0131\u015ft\u0131. G\u00f6r\u00fc\u015fmede iki karde\u015f \u00fclkenin ter\u00f6re kar\u015f\u0131 m\u00fccadele, ulusal egemenliklerine sayg\u0131 g\u00f6sterilmesi , istikrarlar\u0131n\u0131n da korunmas\u0131nda ortak tutumlar ifade edilmi\u015fti.<\/p>\n<p>\u0130ki \u00fclke aras\u0131ndaki ekonomik, teknik ve \u00f6\u011fretim alanlar\u0131nda i\u015fbirli\u011finin peki\u015ftirilmesi \u00f6nemine dikkat \u00e7ekilen g\u00f6r\u00fc\u015fmede iki taraf ortak izleme komitesinin iki hafta i\u00e7inde toplanmas\u0131 \u00f6nemine dikkat \u00e7ekti.<\/p>\n<p>Son geli\u015fmeler ve durumlar konusunda iki \u00fclke tutumlar\u0131n\u0131n g\u00f6zden ge\u00e7irildi\u011fi g\u00f6r\u00fc\u015fmede Muallim ve Lamamira, ikili g\u00f6r\u00fc\u015f al\u0131\u015fveri\u015fini s\u00fcrd\u00fcrme \u00fczerine g\u00f6r\u00fc\u015f birli\u011fi kaydetti.<\/p>\n","protected":false},"excerpt":{"rendered":"<p>CEZAY\u0130R \u2013 Cumhurba\u015fkan\u0131 Be\u015f\u015far el Esad Cezayir Demokratik Halk Cumhuriyeti Cumhurba\u015fkan\u0131 Abd\u00fclaziz Buteflika\u2019ya, Cezayir\u2019in ulusal uzla\u015fma ve sivil uyumluluk konusundaki deneyimlerinden faydalanma amac\u0131yla Suriye&#8217;deki son durum ve krizin \u00e7\u00f6z\u00fcm\u00fcne ili\u015fkin son geli\u015fmeler konusunda \u0131\u015f\u0131k tutan bir mektup g\u00f6nderdi. Mektubu Ba\u015fbakan Yard\u0131mc\u0131s\u0131 D\u0131\u015fi\u015fleri ve Gurbet\u00e7iler Bakan\u0131 Velid el Muallim Buteflika\u2019n\u0131n kendisini Cumhurba\u015fkanl\u0131\u011f\u0131 Saray\u0131nda kabul\u00fc s\u0131ras\u0131nda teslim &hellip;<\/p>\n","protected":false},"author":1,"featured_media":67172,"comment_status":"closed","ping_status":"closed","sticky":false,"template":"","format":"standard","meta":{"footnotes":""},"categories":[458,459,17988,613],"tags":[20218,20217],"class_list":["post-67168","post","type-post","status-publish","format-standard","has-post-thumbnail","","category-dunya1","category-haberler-arap-uluslararasi-politika","category-son-haberler","category-telgraflar","tag-cezayirin-ulusal-uzlasma-ve-sivil-uyumluluk-konusunda","tag-el-esadtan-buteflikaya-mektup"],"_links":{"self":[{"href":"https:\/\/archive.sana.sy\/tr\/index.php?rest_route=\/wp\/v2\/posts\/67168","targetHints":{"allow":["GET"]}}],"collection":[{"href":"https:\/\/archive.sana.sy\/tr\/index.php?rest_route=\/wp\/v2\/posts"}],"about":[{"href":"https:\/\/archive.sana.sy\/tr\/index.php?rest_route=\/wp\/v2\/types\/post"}],"author":[{"embeddable":true,"href":"https:\/\/archive.sana.sy\/tr\/index.php?rest_route=\/wp\/v2\/users\/1"}],"replies":[{"embeddable":true,"href":"https:\/\/archive.sana.sy\/tr\/index.php?rest_route=%2Fwp%2Fv2%2Fcomments&post=67168"}],"version-history":[{"count":0,"href":"https:\/\/archive.sana.sy\/tr\/index.php?rest_route=\/wp\/v2\/posts\/67168\/revisions"}],"wp:featuredmedia":[{"embeddable":true,"href":"https:\/\/archive.sana.sy\/tr\/index.php?rest_route=\/wp\/v2\/media\/67172"}],"wp:attachment":[{"href":"https:\/\/archive.sana.sy\/tr\/index.php?rest_route=%2Fwp%2Fv2%2Fmedia&parent=67168"}],"wp:term":[{"taxonomy":"category","embeddable":true,"href":"https:\/\/archive.sana.sy\/tr\/index.php?rest_route=%2Fwp%2Fv2%2Fcategories&post=67168"},{"taxonomy":"post_tag","embeddable":true,"href":"https:\/\/archive.sana.sy\/tr\/index.php?rest_route=%2Fwp%2Fv2%2Ftags&post=67168"}],"curies":[{"name":"wp","href":"https:\/\/api.w.org\/{rel}","templated":true}]}}