{"id":67190,"date":"2016-03-31T12:00:45","date_gmt":"2016-03-31T09:00:45","guid":{"rendered":"http:\/\/www.sana.sy\/tr\/?p=67190"},"modified":"2016-04-01T15:14:33","modified_gmt":"2016-04-01T12:14:33","slug":"meclis-kabinenin-huzurunda-son-oturumunu-duzenledi","status":"publish","type":"post","link":"https:\/\/archive.sana.sy\/tr\/?p=67190","title":{"rendered":"Meclis Kabinenin Huzurunda Son Oturumunu D\u00fczenledi"},"content":{"rendered":"<p>\u015eAM \u2013 Halk Meclisi 1. yasama d\u00f6neminin 12. Ola\u011fan devresinin son oturumunu bug\u00fcn ba\u015fkan\u0131 Muhammed Cihat el Lahham ba\u015fkanl\u0131\u011f\u0131nda d\u00fczenledi.<\/p>\n<p>H\u00fck\u00fcmetin kat\u0131l\u0131m\u0131yla d\u00fczenlenen oturumda Meclis Ba\u015fkan\u0131 Lahham; Suriye&#8217;nin t\u00fcm Suriyelilerin vatan\u0131 oldu\u011funu ve \u00f6yle kalaca\u011f\u0131n\u0131 belirtti. Lahham vatan\u0131n herhangi bir \u015fekilde ya da gerek\u00e7ede b\u00f6l\u00fcnmesinin kesinlikle kabul edilemez oldu\u011funun alt\u0131n\u0131 \u00e7izdi.<\/p>\n<p>Suriye ordusunun Palmira\u2019da kazand\u0131\u011f\u0131 zaferin krizin siyasi \u00e7\u00f6z\u00fcm\u00fc ve ter\u00f6r\u00fcn tamamen yok edilmesinin ilk ad\u0131m\u0131n\u0131 te\u015fkil etti\u011fine dikkat \u00e7eken Lahham; bu zaferin Suriye ve halk\u0131na d\u00fc\u015fmanlar\u0131n haricinde t\u00fcm d\u00fcnyay\u0131 memnun etti\u011fine i\u015faret etti.<\/p>\n<p>Ba\u015fbakan Vail el Halaki ise konu\u015fmas\u0131nda Suriye ordusunun ter\u00f6re kar\u015f\u0131 zaferlerinin vatan topraklar\u0131n\u0131n her kar\u0131\u015f topra\u011f\u0131na uzanaca\u011f\u0131n\u0131, bu konuda hi\u00e7bir ku\u015fkunun bulunmad\u0131\u011f\u0131n\u0131 belirtti.<\/p>\n<p>Halaki Suriye&#8217;nin halk ve ordu olarak be\u015f y\u0131ld\u0131r b\u00fcy\u00fck \u00f6zveri ve fedakarl\u0131kla m\u00fccadele etti\u011fine vurgu yaparken, t\u00fcm bu fedakarl\u0131klar ve m\u00fccadeleden sonra vatan topraklar\u0131n\u0131n herhangi bir \u015fekilde b\u00f6l\u00fcnmesinin kesinlikle kabul edilemez oldu\u011funun alt\u0131n\u0131 \u00e7izdi.<\/p>\n","protected":false},"excerpt":{"rendered":"<p>\u015eAM \u2013 Halk Meclisi 1. yasama d\u00f6neminin 12. Ola\u011fan devresinin son oturumunu bug\u00fcn ba\u015fkan\u0131 Muhammed Cihat el Lahham ba\u015fkanl\u0131\u011f\u0131nda d\u00fczenledi. H\u00fck\u00fcmetin kat\u0131l\u0131m\u0131yla d\u00fczenlenen oturumda Meclis Ba\u015fkan\u0131 Lahham; Suriye&#8217;nin t\u00fcm Suriyelilerin vatan\u0131 oldu\u011funu ve \u00f6yle kalaca\u011f\u0131n\u0131 belirtti. Lahham vatan\u0131n herhangi bir \u015fekilde ya da gerek\u00e7ede b\u00f6l\u00fcnmesinin kesinlikle kabul edilemez oldu\u011funun alt\u0131n\u0131 \u00e7izdi. Suriye ordusunun Palmira\u2019da kazand\u0131\u011f\u0131 &hellip;<\/p>\n","protected":false},"author":1,"featured_media":67195,"comment_status":"closed","ping_status":"closed","sticky":false,"template":"","format":"standard","meta":{"footnotes":""},"categories":[479,17988,478],"tags":[18703,16838,20220,19063,18702],"class_list":["post-67190","post","type-post","status-publish","format-standard","has-post-thumbnail","","category-haberler-yerel","category-son-haberler","category-yerel","tag-basbakan","tag-halk-meclisi","tag-meclis-oturumu","tag-muhammed-cihat-el-lahham","tag-vail-el-halaki"],"_links":{"self":[{"href":"https:\/\/archive.sana.sy\/tr\/index.php?rest_route=\/wp\/v2\/posts\/67190","targetHints":{"allow":["GET"]}}],"collection":[{"href":"https:\/\/archive.sana.sy\/tr\/index.php?rest_route=\/wp\/v2\/posts"}],"about":[{"href":"https:\/\/archive.sana.sy\/tr\/index.php?rest_route=\/wp\/v2\/types\/post"}],"author":[{"embeddable":true,"href":"https:\/\/archive.sana.sy\/tr\/index.php?rest_route=\/wp\/v2\/users\/1"}],"replies":[{"embeddable":true,"href":"https:\/\/archive.sana.sy\/tr\/index.php?rest_route=%2Fwp%2Fv2%2Fcomments&post=67190"}],"version-history":[{"count":0,"href":"https:\/\/archive.sana.sy\/tr\/index.php?rest_route=\/wp\/v2\/posts\/67190\/revisions"}],"wp:featuredmedia":[{"embeddable":true,"href":"https:\/\/archive.sana.sy\/tr\/index.php?rest_route=\/wp\/v2\/media\/67195"}],"wp:attachment":[{"href":"https:\/\/archive.sana.sy\/tr\/index.php?rest_route=%2Fwp%2Fv2%2Fmedia&parent=67190"}],"wp:term":[{"taxonomy":"category","embeddable":true,"href":"https:\/\/archive.sana.sy\/tr\/index.php?rest_route=%2Fwp%2Fv2%2Fcategories&post=67190"},{"taxonomy":"post_tag","embeddable":true,"href":"https:\/\/archive.sana.sy\/tr\/index.php?rest_route=%2Fwp%2Fv2%2Ftags&post=67190"}],"curies":[{"name":"wp","href":"https:\/\/api.w.org\/{rel}","templated":true}]}}