{"id":67194,"date":"2016-03-31T11:10:15","date_gmt":"2016-03-31T08:10:15","guid":{"rendered":"http:\/\/www.sana.sy\/tr\/?p=67194"},"modified":"2016-03-31T13:36:50","modified_gmt":"2016-03-31T10:36:50","slug":"hukumetin-katilimiyla-duzenlenen-oturumda-meclis-baskani-lahham-suriyenin-tum-suriyelilerin-vatani-oldugunu-ve-oyle-kalacagini-belirtti","status":"publish","type":"post","link":"https:\/\/archive.sana.sy\/tr\/?p=67194","title":{"rendered":"H\u00fck\u00fcmetin kat\u0131l\u0131m\u0131yla d\u00fczenlenen oturumda Meclis Ba\u015fkan\u0131 Lahham; Suriye&#8217;nin t\u00fcm Suriyelilerin vatan\u0131 oldu\u011funu ve \u00f6yle kalaca\u011f\u0131n\u0131 belirtti"},"content":{"rendered":"<p>H\u00fck\u00fcmetin kat\u0131l\u0131m\u0131yla d\u00fczenlenen oturumda Meclis Ba\u015fkan\u0131 Lahham; Suriye&#8217;nin t\u00fcm Suriyelilerin vatan\u0131 oldu\u011funu ve \u00f6yle kalaca\u011f\u0131n\u0131 belirtti<\/p>\n","protected":false},"excerpt":{"rendered":"<p>H\u00fck\u00fcmetin kat\u0131l\u0131m\u0131yla d\u00fczenlenen oturumda Meclis Ba\u015fkan\u0131 Lahham; Suriye&#8217;nin t\u00fcm Suriyelilerin vatan\u0131 oldu\u011funu ve \u00f6yle kalaca\u011f\u0131n\u0131 belirtti<\/p>\n","protected":false},"author":1,"featured_media":0,"comment_status":"closed","ping_status":"closed","sticky":false,"template":"","format":"standard","meta":{"footnotes":""},"categories":[1],"tags":[],"class_list":["post-67194","post","type-post","status-publish","format-standard","","category-news-not-sorted"],"_links":{"self":[{"href":"https:\/\/archive.sana.sy\/tr\/index.php?rest_route=\/wp\/v2\/posts\/67194","targetHints":{"allow":["GET"]}}],"collection":[{"href":"https:\/\/archive.sana.sy\/tr\/index.php?rest_route=\/wp\/v2\/posts"}],"about":[{"href":"https:\/\/archive.sana.sy\/tr\/index.php?rest_route=\/wp\/v2\/types\/post"}],"author":[{"embeddable":true,"href":"https:\/\/archive.sana.sy\/tr\/index.php?rest_route=\/wp\/v2\/users\/1"}],"replies":[{"embeddable":true,"href":"https:\/\/archive.sana.sy\/tr\/index.php?rest_route=%2Fwp%2Fv2%2Fcomments&post=67194"}],"version-history":[{"count":0,"href":"https:\/\/archive.sana.sy\/tr\/index.php?rest_route=\/wp\/v2\/posts\/67194\/revisions"}],"wp:attachment":[{"href":"https:\/\/archive.sana.sy\/tr\/index.php?rest_route=%2Fwp%2Fv2%2Fmedia&parent=67194"}],"wp:term":[{"taxonomy":"category","embeddable":true,"href":"https:\/\/archive.sana.sy\/tr\/index.php?rest_route=%2Fwp%2Fv2%2Fcategories&post=67194"},{"taxonomy":"post_tag","embeddable":true,"href":"https:\/\/archive.sana.sy\/tr\/index.php?rest_route=%2Fwp%2Fv2%2Ftags&post=67194"}],"curies":[{"name":"wp","href":"https:\/\/api.w.org\/{rel}","templated":true}]}}