{"id":67202,"date":"2016-03-31T11:25:46","date_gmt":"2016-03-31T08:25:46","guid":{"rendered":"http:\/\/www.sana.sy\/tr\/?p=67202"},"modified":"2016-03-31T13:38:24","modified_gmt":"2016-03-31T10:38:24","slug":"basbakan-vail-el-halaki-konusmasinda-suriye-ordusunun-terore-karsi-zaferlerinin-vatan-topraklarinin-her-karis-topragina-uzanacagini-bu-konuda-hicbir-kuskunun-bulunmadigini-belirtti","status":"publish","type":"post","link":"https:\/\/archive.sana.sy\/tr\/?p=67202","title":{"rendered":"Ba\u015fbakan Vail el Halaki konu\u015fmas\u0131nda Suriye ordusunun ter\u00f6re kar\u015f\u0131 zaferlerinin vatan topraklar\u0131n\u0131n her kar\u0131\u015f topra\u011f\u0131na uzanaca\u011f\u0131n\u0131, bu konuda hi\u00e7bir ku\u015fkunun bulunmad\u0131\u011f\u0131n\u0131 belirtti"},"content":{"rendered":"<p>Ba\u015fbakan Vail el Halaki konu\u015fmas\u0131nda Suriye ordusunun ter\u00f6re kar\u015f\u0131 zaferlerinin vatan topraklar\u0131n\u0131n her kar\u0131\u015f topra\u011f\u0131na uzanaca\u011f\u0131n\u0131, bu konuda hi\u00e7bir ku\u015fkunun bulunmad\u0131\u011f\u0131n\u0131 belirtti<\/p>\n","protected":false},"excerpt":{"rendered":"<p>Ba\u015fbakan Vail el Halaki konu\u015fmas\u0131nda Suriye ordusunun ter\u00f6re kar\u015f\u0131 zaferlerinin vatan topraklar\u0131n\u0131n her kar\u0131\u015f topra\u011f\u0131na uzanaca\u011f\u0131n\u0131, bu konuda hi\u00e7bir ku\u015fkunun bulunmad\u0131\u011f\u0131n\u0131 belirtti<\/p>\n","protected":false},"author":1,"featured_media":0,"comment_status":"closed","ping_status":"closed","sticky":false,"template":"","format":"standard","meta":{"footnotes":""},"categories":[17991],"tags":[],"class_list":["post-67202","post","type-post","status-publish","format-standard","","category-son-dakika"],"_links":{"self":[{"href":"https:\/\/archive.sana.sy\/tr\/index.php?rest_route=\/wp\/v2\/posts\/67202","targetHints":{"allow":["GET"]}}],"collection":[{"href":"https:\/\/archive.sana.sy\/tr\/index.php?rest_route=\/wp\/v2\/posts"}],"about":[{"href":"https:\/\/archive.sana.sy\/tr\/index.php?rest_route=\/wp\/v2\/types\/post"}],"author":[{"embeddable":true,"href":"https:\/\/archive.sana.sy\/tr\/index.php?rest_route=\/wp\/v2\/users\/1"}],"replies":[{"embeddable":true,"href":"https:\/\/archive.sana.sy\/tr\/index.php?rest_route=%2Fwp%2Fv2%2Fcomments&post=67202"}],"version-history":[{"count":0,"href":"https:\/\/archive.sana.sy\/tr\/index.php?rest_route=\/wp\/v2\/posts\/67202\/revisions"}],"wp:attachment":[{"href":"https:\/\/archive.sana.sy\/tr\/index.php?rest_route=%2Fwp%2Fv2%2Fmedia&parent=67202"}],"wp:term":[{"taxonomy":"category","embeddable":true,"href":"https:\/\/archive.sana.sy\/tr\/index.php?rest_route=%2Fwp%2Fv2%2Fcategories&post=67202"},{"taxonomy":"post_tag","embeddable":true,"href":"https:\/\/archive.sana.sy\/tr\/index.php?rest_route=%2Fwp%2Fv2%2Ftags&post=67202"}],"curies":[{"name":"wp","href":"https:\/\/api.w.org\/{rel}","templated":true}]}}