{"id":67204,"date":"2016-03-31T11:30:13","date_gmt":"2016-03-31T08:30:13","guid":{"rendered":"http:\/\/www.sana.sy\/tr\/?p=67204"},"modified":"2016-03-31T13:38:45","modified_gmt":"2016-03-31T10:38:45","slug":"halaki-suriyenin-halk-ve-ordu-olarak-bes-yildir-buyuk-ozveri-ve-fedakarlikla-mucadele-ettigine-vurgu-yaparken-tum-bu-fedakarliklar-ve-mucadeleden-sonra-vatan-topraklarinin-herhangi-bir-sekilde-bolu","status":"publish","type":"post","link":"https:\/\/archive.sana.sy\/tr\/?p=67204","title":{"rendered":"Halaki Suriye&#8217;nin halk ve ordu olarak be\u015f y\u0131ld\u0131r b\u00fcy\u00fck \u00f6zveri ve fedakarl\u0131kla m\u00fccadele etti\u011fine vurgu yaparken, t\u00fcm bu fedakarl\u0131klar ve m\u00fccadeleden sonra vatan topraklar\u0131n\u0131n herhangi bir \u015fekilde b\u00f6l\u00fcnmesinin kesinlikle kabul edilemez oldu\u011funun alt\u0131n\u0131 \u00e7izdi"},"content":{"rendered":"<p>Halaki Suriye&#8217;nin halk ve ordu olarak be\u015f y\u0131ld\u0131r b\u00fcy\u00fck \u00f6zveri ve fedakarl\u0131kla m\u00fccadele etti\u011fine vurgu yaparken, t\u00fcm bu fedakarl\u0131klar ve m\u00fccadeleden sonra vatan topraklar\u0131n\u0131n herhangi bir \u015fekilde b\u00f6l\u00fcnmesinin kesinlikle kabul edilemez oldu\u011funun alt\u0131n\u0131 \u00e7izdi<\/p>\n","protected":false},"excerpt":{"rendered":"<p>Halaki Suriye&#8217;nin halk ve ordu olarak be\u015f y\u0131ld\u0131r b\u00fcy\u00fck \u00f6zveri ve fedakarl\u0131kla m\u00fccadele etti\u011fine vurgu yaparken, t\u00fcm bu fedakarl\u0131klar ve m\u00fccadeleden sonra vatan topraklar\u0131n\u0131n herhangi bir \u015fekilde b\u00f6l\u00fcnmesinin kesinlikle kabul edilemez oldu\u011funun alt\u0131n\u0131 \u00e7izdi<\/p>\n","protected":false},"author":1,"featured_media":0,"comment_status":"closed","ping_status":"closed","sticky":false,"template":"","format":"standard","meta":{"footnotes":""},"categories":[17991],"tags":[],"class_list":["post-67204","post","type-post","status-publish","format-standard","","category-son-dakika"],"_links":{"self":[{"href":"https:\/\/archive.sana.sy\/tr\/index.php?rest_route=\/wp\/v2\/posts\/67204","targetHints":{"allow":["GET"]}}],"collection":[{"href":"https:\/\/archive.sana.sy\/tr\/index.php?rest_route=\/wp\/v2\/posts"}],"about":[{"href":"https:\/\/archive.sana.sy\/tr\/index.php?rest_route=\/wp\/v2\/types\/post"}],"author":[{"embeddable":true,"href":"https:\/\/archive.sana.sy\/tr\/index.php?rest_route=\/wp\/v2\/users\/1"}],"replies":[{"embeddable":true,"href":"https:\/\/archive.sana.sy\/tr\/index.php?rest_route=%2Fwp%2Fv2%2Fcomments&post=67204"}],"version-history":[{"count":0,"href":"https:\/\/archive.sana.sy\/tr\/index.php?rest_route=\/wp\/v2\/posts\/67204\/revisions"}],"wp:attachment":[{"href":"https:\/\/archive.sana.sy\/tr\/index.php?rest_route=%2Fwp%2Fv2%2Fmedia&parent=67204"}],"wp:term":[{"taxonomy":"category","embeddable":true,"href":"https:\/\/archive.sana.sy\/tr\/index.php?rest_route=%2Fwp%2Fv2%2Fcategories&post=67204"},{"taxonomy":"post_tag","embeddable":true,"href":"https:\/\/archive.sana.sy\/tr\/index.php?rest_route=%2Fwp%2Fv2%2Ftags&post=67204"}],"curies":[{"name":"wp","href":"https:\/\/api.w.org\/{rel}","templated":true}]}}